{"id":11989,"date":"2024-05-27T19:28:40","date_gmt":"2024-05-27T17:28:40","guid":{"rendered":"https:\/\/sphere.swiss\/?p=11989"},"modified":"2024-05-28T19:09:40","modified_gmt":"2024-05-28T17:09:40","slug":"neue-aera","status":"publish","type":"post","link":"https:\/\/sphere.swiss\/de\/neue-aera\/","title":{"rendered":"Neue \u00c4ra"},"content":{"rendered":"<p>[et_pb_section fb_built=&#8220;1&#8243; _builder_version=&#8220;4.21.0&#8243; _module_preset=&#8220;default&#8220; custom_padding=&#8220;1px|||||&#8220; global_colors_info=&#8220;{}&#8220;][et_pb_row _builder_version=&#8220;4.21.0&#8243; _module_preset=&#8220;default&#8220; custom_margin=&#8220;-41px|auto||auto||&#8220; custom_padding=&#8220;0px|||||&#8220; global_colors_info=&#8220;{}&#8220;][et_pb_column type=&#8220;4_4&#8243; _builder_version=&#8220;4.21.0&#8243; _module_preset=&#8220;default&#8220; global_colors_info=&#8220;{}&#8220;][et_pb_text _builder_version=&#8220;4.24.2&#8243; _module_preset=&#8220;default&#8220; custom_padding=&#8220;||0px|||&#8220; hover_enabled=&#8220;0&#8243; global_colors_info=&#8220;{}&#8220; sticky_enabled=&#8220;0&#8243;]<\/p>\n<h3><span style=\"color: #339966;\"><strong>Sustainable Solutions Week<\/strong><\/span><\/h3>\n<ul>\n<li><strong>Jon Duncan<\/strong><\/li>\n<li><strong>Chief Impact Officer<\/strong><\/li>\n<li><strong>REYL Intesa Sanpaolo<\/strong><\/li>\n<\/ul>\n<h2><strong>Schlagwort: Ist dies der Anfang vom Ende f\u00fcr fossile Brennstoffkonzerne?<\/strong><\/h2>\n<p>Von der COP28 ist nat\u00fcrlich die historische Verpflichtung zur Abkehr von fossilen Brennstoffen in Erinnerung zu behalten. Ein an sich recht \u00fcberraschendes Ergebnis, das sowohl die Betreiber des Sektors als auch die Investoren dazu zwingt, diesen \u201eAnfang vom Ende\u201c in ihren Perspektiven zu ber\u00fccksichtigen.<\/p>\n<p>&nbsp;<\/p>\n<h2><\/h2>\n<p>[\/et_pb_text][et_pb_image src=&#8220;https:\/\/sphere.swiss\/wp-content\/uploads\/2024\/03\/Jon_DUNCAN_REYL-CImO_highdef_inPixio.jpg&#8220; alt=&#8220;Francesco Mandala&#8220; title_text=&#8220;Jon_DUNCAN_REYL CImO_highdef_inPixio&#8220; _builder_version=&#8220;4.24.2&#8243; _module_preset=&#8220;default&#8220; hover_enabled=&#8220;0&#8243; global_colors_info=&#8220;{}&#8220; sticky_enabled=&#8220;0&#8243;][\/et_pb_image][et_pb_text _builder_version=&#8220;4.24.2&#8243; _module_preset=&#8220;default&#8220; hover_enabled=&#8220;0&#8243; global_colors_info=&#8220;{}&#8220; sticky_enabled=&#8220;0&#8243;]<\/p>\n<p>Das Jahr 2023 wird durch ein erh\u00f6htes Mass an globalen wirtschaftlichen und politischen Risiken sowie\u00a0ein neues Bewusstsein f\u00fcr die sich schnell entwickelnde multipolare Welt gekennzeichnet sein. Die Wahlen zum Europ\u00e4ischen Parlament im Juni werden ein guter Test f\u00fcr die Stimmung in der EU in Bezug auf eine gr\u00fcne Wirtschaft und die Dekarbonisierungsziele sein, von denen einige Politiker behaupten, dass sie mit den nationalen Arbeits- und Wirtschaftsinteressen kollidieren.<\/p>\n<p>In der Welt der nachhaltigen Finanzen erschwert die Fragmentierung der Welt ein &#8222;kollektives&#8220; Handeln in globalen \u00f6kologischen und sozialen Fragen. Es war daher \u00fcberraschend, dass der COP28-Klimagipfel in Dubai zu der historischen Verpflichtung f\u00fchrte, sich von fossilen Brennstoffen zu verabschieden. Auch wenn die Formulierung unpr\u00e4zise war, so bedeutet sie doch, dass implizit anerkannt wird, dass der langfristige R\u00fcckgang der fossilen Brennstoffe im Gange ist. F\u00fcr langfristige Investoren \u00e4ndert sich damit das Kalk\u00fcl in Bezug auf den Sektor der fossilen Brennstoffe, dessen struktureller R\u00fcckgang in den n\u00e4chsten 26 Jahren immer sicherer erscheint, da die Welt bis 2050 eine Netto-Null-Wirtschaft anstrebt.<\/p>\n<p>Die Internationale Energieagentur prognostiziert, dass der weltweite Verbrauch fossiler Brennstoffe im Jahr 2030 seinen H\u00f6hepunkt erreichen wird, was in erster Linie auf die Verlangsamung der chinesischen Wirtschaft und ein Rebalancing zur\u00fcckzuf\u00fchren ist. Vereinfacht ausgedr\u00fcckt, ben\u00f6tigt China nicht so viel Stahl und Zement f\u00fcr den Wohnungsbau oder die st\u00e4dtische bzw.\u00a0Verkehrsinfrastruktur. Folglich wird die n\u00e4chste Phase des chinesischen Wachstums voraussichtlich weniger fossile Brennstoffe ben\u00f6tigen. Die IEA gibt an, dass jeder 1-prozentige R\u00fcckgang des chinesischen Wirtschaftswachstums die Nachfrage nach Kohle im Jahr 2030 um einen Betrag senken k\u00f6nnte, der der j\u00e4hrlichen Nachfrage Europas entspricht. Gleichzeitig hat China bis 2022 genauso viele erneuerbare Energien implementiert wie der Rest der Welt. Im September 2023 waren 38 Prozent der in China verkauften Autos Elektroautos, wobei diese Zahl von Monat zu Monat steigt.<\/p>\n<p>Sowohl der Green Deal der EU als auch der Inflation Reduction Act (IRA) in den USA sorgen f\u00fcr langfristige fiskalische Unterst\u00fctzung auf beiden Seiten des Atlantiks, wobei sich die Auswirkungen erst noch voll entfalten m\u00fcssen. Der IRA war bisher der Schl\u00fcssel f\u00fcr die Entwicklung des \u00abBatterieg\u00fcrtels\u00bb, der sich \u00fcber den S\u00fcden und Mittleren Westen der USA erstreckt. In diesem Gebiet sind 340 neue Projekte im Wert von sch\u00e4tzungsweise 168 Mrd. USD angesiedelt, von denen sich 50 Prozent auf Elektrofahrzeuge und Batterien konzentrieren und sich auf die Bereiche Solarenergie, Windkraft, Kernenergie, Stromnetze und -speicher verteilen.<\/p>\n<p>Gleichzeitig mussten die Regierungen auch die Auswirkungen der steigenden Kosten f\u00fcr fossile Brennstoffe auf die Inflation bew\u00e4ltigen. Der IWF berichtet, dass die hohen Preise f\u00fcr fossile Brennstoffe die Regierungen dazu gezwungen haben, im Jahr 2022 \u00fcber 1,3 Billionen USD an expliziten Subventionen bereitzustellen, um Energiepreisschocks f\u00fcr die Konsumenten\u00a0abzufedern.<\/p>\n<p>Die Abschaffung von Subventionen wird politisch unpopul\u00e4r sein und k\u00f6nnte, wenn sie nicht mit der gebotenen Sorgfalt erfolgt, erhebliche Folgen f\u00fcr die Energiesicherheit, die Inflation und die soziale Stabilit\u00e4t haben. Ebenso m\u00fcssen die Regierungen fiskalischen Spielraum finden, um ein umweltfreundliches Wirtschaftswachstum zu f\u00f6rdern, was sich angesichts der Inflationsbedenken als schwierig erweist. Erschwerend kommt hinzu, dass sich bei den physischen Auswirkungen des Klimawandels ein besorgniserregender langfristiger Trend abzeichnet. Swiss Re berichtete, dass die R\u00fcck- und Versicherungspr\u00e4mien f\u00fcr Sachkatastrophen ein 20-Jahres-Hoch erreicht haben. Die Nachfrage nach Versicherungsschutz hat zugenommen, da Naturkatastrophen weiterhin weltweit Sachsch\u00e4den verursachen, die im Jahr 2022 zu globalen\u00a0wirtschaftlichen Verlusten in der H\u00f6he von 275 Mrd. USD\u00a0f\u00fchrten, f\u00fchren werden. Davon waren 150 Mrd. nicht versichert. Swiss Re berichtet von einem Anstieg der wirtschaftlichen Sch\u00e4den durch Naturkatastrophen um 115 Prozent im Vergleich zum 30-j\u00e4hrigen Durchschnitt. Die Zunahme der nicht versicherten Sch\u00e4den, die von den Regierungen getragen werden, d\u00fcrfte die ohnehin schon angespannten Haushalte weiter belasten.<\/p>\n<p>Auch wenn das Jahr 2024 zweifellos neue Herausforderungen f\u00fcr die nachhaltige Finanzierung mit sich bringen wird, bleiben die Grundlagen f\u00fcr den \u00dcbergang zu einer gr\u00fcnen Wirtschaft bestehen. Dabei setzt sich vielleicht die Erkenntnis durchsetzt, dass eine dekarbonisierte, energieautarke Wirtschaft langfristig einen strategischen geopolitischen Vorteil bietet.<\/p>\n<p><strong>Jon Duncan<\/strong><\/p>\n<p><strong>REYL Intesa Sanpaolo<\/strong><\/p>\n<p>Jon Duncan ist ausgebildeter Ingenieur mit einem Master-Abschluss in Umweltwissenschaften und verf\u00fcgt \u00fcber mehr als 25 Jahre Berufserfahrung im Bereich der Nachhaltigkeit. Von 2010 bis 2021 leitete Jon die Entwicklung und Umsetzung eines Programms f\u00fcr nachhaltige Investitionen bei einem der gr\u00f6ssten afrikanischen Langzeitversicherer\/Verm\u00f6gensverwalter. Er war an der Ausarbeitung des ersten Code of\u00a0Responsible Investment in S\u00fcdafrika beteiligt, war Mitglied des UN PRI Global Reporting and Assessment Committee und ist Senior Associate des University of Cambridge Institute for Sustainability Leadership. Im Jahr 2022 stiess er als Chief Impact Officer zu REYL Intesa Sanpaolo.<\/p>\n<p><strong>REYL Intesa Sanpaolo<\/strong><\/p>\n<p>REYL Intesa Sanpaolo bietet Beratungsleistungen und Anlagel\u00f6sungen f\u00fcr private und institutionelle Kunden an. 2021 ging die REYL-Gruppe eine wichtige strategische Partnerschaft mit Fideuram-Intesa Sanpaolo ein, einem f\u00fchrenden europ\u00e4ischen Bankunternehmen.\u00a0REYL Intesa Sanpaolo ist in den folgenden vier sich erg\u00e4nzenden Gesch\u00e4ftsbereichen aktiv: Wealth Management, Asset Management, Corporate Finance und Asset Services,\u00a0die in ein 360\u00b0-modell integriert sind. Durch dieses breite Leistungsspektrum kann die REYL-Gruppe ohne isoliert arbeitende Bereiche und k\u00fcnstliche Segmentierungen s\u00e4mtliche immer komplexeren Bed\u00fcrfnisse der Kunden erf\u00fcllen.<\/p>\n<p>&nbsp;<\/p>\n<p>[\/et_pb_text][et_pb_accordion _builder_version=&#8220;4.21.0&#8243; _module_preset=&#8220;default&#8220; global_colors_info=&#8220;{}&#8220;][\/et_pb_accordion][\/et_pb_column][\/et_pb_row][\/et_pb_section]<\/p>\n","protected":false},"excerpt":{"rendered":"<p>Jon Duncan<br \/>\nREYL Intesa Sanpaolo<br \/>\nSchlagwort: Ist dies der Anfang vom Ende f\u00fcr fossile Brennstoffkonzerne?<\/p>\n","protected":false},"author":2,"featured_media":9578,"comment_status":"closed","ping_status":"closed","sticky":false,"template":"","format":"standard","meta":{"_et_pb_use_builder":"on","_et_pb_old_content":"","_et_gb_content_width":"","_mo_disable_npp":"","footnotes":""},"categories":[1140],"tags":[886,887],"class_list":["post-11989","post","type-post","status-publish","format-standard","has-post-thumbnail","hentry","category-sustainable-solutions-week-zurich-2024-2","tag-jon-duncan-de","tag-reyl-intesa-sanpaolo-de"],"yoast_head":"<!-- This site is optimized with the Yoast SEO plugin v25.3.1 - https:\/\/yoast.com\/wordpress\/plugins\/seo\/ -->\n<title>Neue \u00c4ra - Sphere<\/title>\n<meta name=\"description\" content=\"Von der COP28 ist nat\u00fcrlich die historische Verpflichtung zur Abkehr von fossilen Brennstoffen in Erinnerung zu behalten. Ein an sich recht \u00fcberraschendes Ergebnis, das sowohl die Betreiber des Sektors als auch die Investoren dazu zwingt, diesen \u201eAnfang vom Ende\u201c in ihren Perspektiven zu ber\u00fccksichtigen.\" \/>\n<meta name=\"robots\" content=\"index, follow, max-snippet:-1, max-image-preview:large, max-video-preview:-1\" \/>\n<link rel=\"canonical\" href=\"https:\/\/sphere.swiss\/de\/neue-aera\/\" \/>\n<meta property=\"og:locale\" content=\"de_DE\" \/>\n<meta property=\"og:type\" content=\"article\" \/>\n<meta property=\"og:title\" content=\"Neue \u00c4ra - Sphere\" \/>\n<meta property=\"og:description\" content=\"Von der COP28 ist nat\u00fcrlich die historische Verpflichtung zur Abkehr von fossilen Brennstoffen in Erinnerung zu behalten. Ein an sich recht \u00fcberraschendes Ergebnis, das sowohl die Betreiber des Sektors als auch die Investoren dazu zwingt, diesen \u201eAnfang vom Ende\u201c in ihren Perspektiven zu ber\u00fccksichtigen.\" \/>\n<meta property=\"og:url\" content=\"https:\/\/sphere.swiss\/de\/neue-aera\/\" \/>\n<meta property=\"og:site_name\" content=\"Sphere\" \/>\n<meta property=\"article:published_time\" content=\"2024-05-27T17:28:40+00:00\" \/>\n<meta property=\"article:modified_time\" content=\"2024-05-28T17:09:40+00:00\" \/>\n<meta property=\"og:image\" content=\"https:\/\/sphere.swiss\/wp-content\/uploads\/2024\/03\/Jon_DUNCAN_REYL-CImO_highdef_inPixio.jpg\" \/>\n\t<meta property=\"og:image:width\" content=\"1250\" \/>\n\t<meta property=\"og:image:height\" content=\"625\" \/>\n\t<meta property=\"og:image:type\" content=\"image\/jpeg\" \/>\n<meta name=\"author\" content=\"sph3r3\" \/>\n<meta name=\"twitter:card\" content=\"summary_large_image\" \/>\n<meta name=\"twitter:label1\" content=\"Verfasst von\" \/>\n\t<meta name=\"twitter:data1\" content=\"sph3r3\" \/>\n\t<meta name=\"twitter:label2\" content=\"Gesch\u00e4tzte Lesezeit\" \/>\n\t<meta name=\"twitter:data2\" content=\"5\u00a0Minuten\" \/>\n<script type=\"application\/ld+json\" class=\"yoast-schema-graph\">{\"@context\":\"https:\/\/schema.org\",\"@graph\":[{\"@type\":\"WebPage\",\"@id\":\"https:\/\/sphere.swiss\/de\/neue-aera\/\",\"url\":\"https:\/\/sphere.swiss\/de\/neue-aera\/\",\"name\":\"Neue \u00c4ra - Sphere\",\"isPartOf\":{\"@id\":\"https:\/\/sphere.swiss\/de\/#website\"},\"primaryImageOfPage\":{\"@id\":\"https:\/\/sphere.swiss\/de\/neue-aera\/#primaryimage\"},\"image\":{\"@id\":\"https:\/\/sphere.swiss\/de\/neue-aera\/#primaryimage\"},\"thumbnailUrl\":\"https:\/\/sphere.swiss\/wp-content\/uploads\/2024\/03\/Jon_DUNCAN_REYL-CImO_highdef_inPixio.jpg\",\"datePublished\":\"2024-05-27T17:28:40+00:00\",\"dateModified\":\"2024-05-28T17:09:40+00:00\",\"author\":{\"@id\":\"https:\/\/sphere.swiss\/de\/#\/schema\/person\/bd0c19ac051bb08ddf812db864e2ea78\"},\"description\":\"Von der COP28 ist nat\u00fcrlich die historische Verpflichtung zur Abkehr von fossilen Brennstoffen in Erinnerung zu behalten. Ein an sich recht \u00fcberraschendes Ergebnis, das sowohl die Betreiber des Sektors als auch die Investoren dazu zwingt, diesen \u201eAnfang vom Ende\u201c in ihren Perspektiven zu ber\u00fccksichtigen.\",\"breadcrumb\":{\"@id\":\"https:\/\/sphere.swiss\/de\/neue-aera\/#breadcrumb\"},\"inLanguage\":\"de\",\"potentialAction\":[{\"@type\":\"ReadAction\",\"target\":[\"https:\/\/sphere.swiss\/de\/neue-aera\/\"]}]},{\"@type\":\"ImageObject\",\"inLanguage\":\"de\",\"@id\":\"https:\/\/sphere.swiss\/de\/neue-aera\/#primaryimage\",\"url\":\"https:\/\/sphere.swiss\/wp-content\/uploads\/2024\/03\/Jon_DUNCAN_REYL-CImO_highdef_inPixio.jpg\",\"contentUrl\":\"https:\/\/sphere.swiss\/wp-content\/uploads\/2024\/03\/Jon_DUNCAN_REYL-CImO_highdef_inPixio.jpg\",\"width\":1250,\"height\":625},{\"@type\":\"BreadcrumbList\",\"@id\":\"https:\/\/sphere.swiss\/de\/neue-aera\/#breadcrumb\",\"itemListElement\":[{\"@type\":\"ListItem\",\"position\":1,\"name\":\"Home\",\"item\":\"https:\/\/sphere.swiss\/de\/\"},{\"@type\":\"ListItem\",\"position\":2,\"name\":\"Neue \u00c4ra\"}]},{\"@type\":\"WebSite\",\"@id\":\"https:\/\/sphere.swiss\/de\/#website\",\"url\":\"https:\/\/sphere.swiss\/de\/\",\"name\":\"Sphere\",\"description\":\"The Swiss Financial Arena\",\"alternateName\":\"Sphere Swiss\",\"potentialAction\":[{\"@type\":\"SearchAction\",\"target\":{\"@type\":\"EntryPoint\",\"urlTemplate\":\"https:\/\/sphere.swiss\/de\/?s={search_term_string}\"},\"query-input\":{\"@type\":\"PropertyValueSpecification\",\"valueRequired\":true,\"valueName\":\"search_term_string\"}}],\"inLanguage\":\"de\"},{\"@type\":\"Person\",\"@id\":\"https:\/\/sphere.swiss\/de\/#\/schema\/person\/bd0c19ac051bb08ddf812db864e2ea78\",\"name\":\"sph3r3\",\"image\":{\"@type\":\"ImageObject\",\"inLanguage\":\"de\",\"@id\":\"https:\/\/sphere.swiss\/de\/#\/schema\/person\/image\/\",\"url\":\"https:\/\/secure.gravatar.com\/avatar\/580395011f6a1ca0bf8ae70d71d5015878f64832766767a33c46af64643053a7?s=96&d=mm&r=g\",\"contentUrl\":\"https:\/\/secure.gravatar.com\/avatar\/580395011f6a1ca0bf8ae70d71d5015878f64832766767a33c46af64643053a7?s=96&d=mm&r=g\",\"caption\":\"sph3r3\"},\"url\":\"https:\/\/sphere.swiss\/de\/author\/sph3r3\/\"}]}<\/script>\n<!-- \/ Yoast SEO plugin. -->","yoast_head_json":{"title":"Neue \u00c4ra - Sphere","description":"Von der COP28 ist nat\u00fcrlich die historische Verpflichtung zur Abkehr von fossilen Brennstoffen in Erinnerung zu behalten. Ein an sich recht \u00fcberraschendes Ergebnis, das sowohl die Betreiber des Sektors als auch die Investoren dazu zwingt, diesen \u201eAnfang vom Ende\u201c in ihren Perspektiven zu ber\u00fccksichtigen.","robots":{"index":"index","follow":"follow","max-snippet":"max-snippet:-1","max-image-preview":"max-image-preview:large","max-video-preview":"max-video-preview:-1"},"canonical":"https:\/\/sphere.swiss\/de\/neue-aera\/","og_locale":"de_DE","og_type":"article","og_title":"Neue \u00c4ra - Sphere","og_description":"Von der COP28 ist nat\u00fcrlich die historische Verpflichtung zur Abkehr von fossilen Brennstoffen in Erinnerung zu behalten. Ein an sich recht \u00fcberraschendes Ergebnis, das sowohl die Betreiber des Sektors als auch die Investoren dazu zwingt, diesen \u201eAnfang vom Ende\u201c in ihren Perspektiven zu ber\u00fccksichtigen.","og_url":"https:\/\/sphere.swiss\/de\/neue-aera\/","og_site_name":"Sphere","article_published_time":"2024-05-27T17:28:40+00:00","article_modified_time":"2024-05-28T17:09:40+00:00","og_image":[{"width":1250,"height":625,"url":"https:\/\/sphere.swiss\/wp-content\/uploads\/2024\/03\/Jon_DUNCAN_REYL-CImO_highdef_inPixio.jpg","type":"image\/jpeg"}],"author":"sph3r3","twitter_card":"summary_large_image","twitter_misc":{"Verfasst von":"sph3r3","Gesch\u00e4tzte Lesezeit":"5\u00a0Minuten"},"schema":{"@context":"https:\/\/schema.org","@graph":[{"@type":"WebPage","@id":"https:\/\/sphere.swiss\/de\/neue-aera\/","url":"https:\/\/sphere.swiss\/de\/neue-aera\/","name":"Neue \u00c4ra - Sphere","isPartOf":{"@id":"https:\/\/sphere.swiss\/de\/#website"},"primaryImageOfPage":{"@id":"https:\/\/sphere.swiss\/de\/neue-aera\/#primaryimage"},"image":{"@id":"https:\/\/sphere.swiss\/de\/neue-aera\/#primaryimage"},"thumbnailUrl":"https:\/\/sphere.swiss\/wp-content\/uploads\/2024\/03\/Jon_DUNCAN_REYL-CImO_highdef_inPixio.jpg","datePublished":"2024-05-27T17:28:40+00:00","dateModified":"2024-05-28T17:09:40+00:00","author":{"@id":"https:\/\/sphere.swiss\/de\/#\/schema\/person\/bd0c19ac051bb08ddf812db864e2ea78"},"description":"Von der COP28 ist nat\u00fcrlich die historische Verpflichtung zur Abkehr von fossilen Brennstoffen in Erinnerung zu behalten. Ein an sich recht \u00fcberraschendes Ergebnis, das sowohl die Betreiber des Sektors als auch die Investoren dazu zwingt, diesen \u201eAnfang vom Ende\u201c in ihren Perspektiven zu ber\u00fccksichtigen.","breadcrumb":{"@id":"https:\/\/sphere.swiss\/de\/neue-aera\/#breadcrumb"},"inLanguage":"de","potentialAction":[{"@type":"ReadAction","target":["https:\/\/sphere.swiss\/de\/neue-aera\/"]}]},{"@type":"ImageObject","inLanguage":"de","@id":"https:\/\/sphere.swiss\/de\/neue-aera\/#primaryimage","url":"https:\/\/sphere.swiss\/wp-content\/uploads\/2024\/03\/Jon_DUNCAN_REYL-CImO_highdef_inPixio.jpg","contentUrl":"https:\/\/sphere.swiss\/wp-content\/uploads\/2024\/03\/Jon_DUNCAN_REYL-CImO_highdef_inPixio.jpg","width":1250,"height":625},{"@type":"BreadcrumbList","@id":"https:\/\/sphere.swiss\/de\/neue-aera\/#breadcrumb","itemListElement":[{"@type":"ListItem","position":1,"name":"Home","item":"https:\/\/sphere.swiss\/de\/"},{"@type":"ListItem","position":2,"name":"Neue \u00c4ra"}]},{"@type":"WebSite","@id":"https:\/\/sphere.swiss\/de\/#website","url":"https:\/\/sphere.swiss\/de\/","name":"Sphere","description":"The Swiss Financial Arena","alternateName":"Sphere Swiss","potentialAction":[{"@type":"SearchAction","target":{"@type":"EntryPoint","urlTemplate":"https:\/\/sphere.swiss\/de\/?s={search_term_string}"},"query-input":{"@type":"PropertyValueSpecification","valueRequired":true,"valueName":"search_term_string"}}],"inLanguage":"de"},{"@type":"Person","@id":"https:\/\/sphere.swiss\/de\/#\/schema\/person\/bd0c19ac051bb08ddf812db864e2ea78","name":"sph3r3","image":{"@type":"ImageObject","inLanguage":"de","@id":"https:\/\/sphere.swiss\/de\/#\/schema\/person\/image\/","url":"https:\/\/secure.gravatar.com\/avatar\/580395011f6a1ca0bf8ae70d71d5015878f64832766767a33c46af64643053a7?s=96&d=mm&r=g","contentUrl":"https:\/\/secure.gravatar.com\/avatar\/580395011f6a1ca0bf8ae70d71d5015878f64832766767a33c46af64643053a7?s=96&d=mm&r=g","caption":"sph3r3"},"url":"https:\/\/sphere.swiss\/de\/author\/sph3r3\/"}]}},"_links":{"self":[{"href":"https:\/\/sphere.swiss\/de\/wp-json\/wp\/v2\/posts\/11989","targetHints":{"allow":["GET"]}}],"collection":[{"href":"https:\/\/sphere.swiss\/de\/wp-json\/wp\/v2\/posts"}],"about":[{"href":"https:\/\/sphere.swiss\/de\/wp-json\/wp\/v2\/types\/post"}],"author":[{"embeddable":true,"href":"https:\/\/sphere.swiss\/de\/wp-json\/wp\/v2\/users\/2"}],"replies":[{"embeddable":true,"href":"https:\/\/sphere.swiss\/de\/wp-json\/wp\/v2\/comments?post=11989"}],"version-history":[{"count":7,"href":"https:\/\/sphere.swiss\/de\/wp-json\/wp\/v2\/posts\/11989\/revisions"}],"predecessor-version":[{"id":12048,"href":"https:\/\/sphere.swiss\/de\/wp-json\/wp\/v2\/posts\/11989\/revisions\/12048"}],"wp:featuredmedia":[{"embeddable":true,"href":"https:\/\/sphere.swiss\/de\/wp-json\/wp\/v2\/media\/9578"}],"wp:attachment":[{"href":"https:\/\/sphere.swiss\/de\/wp-json\/wp\/v2\/media?parent=11989"}],"wp:term":[{"taxonomy":"category","embeddable":true,"href":"https:\/\/sphere.swiss\/de\/wp-json\/wp\/v2\/categories?post=11989"},{"taxonomy":"post_tag","embeddable":true,"href":"https:\/\/sphere.swiss\/de\/wp-json\/wp\/v2\/tags?post=11989"}],"curies":[{"name":"wp","href":"https:\/\/api.w.org\/{rel}","templated":true}]}}