{"id":12229,"date":"2024-05-30T19:13:05","date_gmt":"2024-05-30T17:13:05","guid":{"rendered":"https:\/\/sphere.swiss\/?p=12229"},"modified":"2024-05-30T19:13:55","modified_gmt":"2024-05-30T17:13:55","slug":"maessigung","status":"publish","type":"post","link":"https:\/\/sphere.swiss\/de\/maessigung\/","title":{"rendered":"M\u00e4ssigung"},"content":{"rendered":"<p>[et_pb_section fb_built=&#8220;1&#8243; _builder_version=&#8220;4.21.0&#8243; _module_preset=&#8220;default&#8220; custom_padding=&#8220;1px|||||&#8220; global_colors_info=&#8220;{}&#8220;][et_pb_row _builder_version=&#8220;4.21.0&#8243; _module_preset=&#8220;default&#8220; custom_margin=&#8220;-41px|auto||auto||&#8220; custom_padding=&#8220;0px|||||&#8220; global_colors_info=&#8220;{}&#8220;][et_pb_column type=&#8220;4_4&#8243; _builder_version=&#8220;4.21.0&#8243; _module_preset=&#8220;default&#8220; global_colors_info=&#8220;{}&#8220;][et_pb_text _builder_version=&#8220;4.24.2&#8243; _module_preset=&#8220;default&#8220; custom_padding=&#8220;||0px|||&#8220; hover_enabled=&#8220;0&#8243; global_colors_info=&#8220;{}&#8220; sticky_enabled=&#8220;0&#8243;]<\/p>\n<h3><span style=\"color: #339966;\"><strong>Sustainable Solutions Week<\/strong><\/span><\/h3>\n<ul>\n<ul>\n<li><strong>Interview mit Marc Lemaire<\/strong><\/li>\n<li><strong>Chief Executive Officer<\/strong><\/li>\n<li><strong>Citadel Finance<\/strong><\/li>\n<\/ul>\n<\/ul>\n<h2><strong>\u201eKeine wirkliche Nachfrage nach einer globalen Verm\u00f6gensverwaltung, die vollst\u00e4ndig auf ESG ausgerichtet ist\u201c<\/strong><\/h2>\n<p>Bei Citadel Finance, wie auch bei vielen anderen Verm\u00f6gensverwaltern, machen nachhaltige Investitionen in den Portfolios noch einen geringeren Anteil aus. Die Nachfrage wird zwar immer deutlicher, st\u00f6sst aber noch auf eine gewisse Tr\u00e4gheit. Marc Lemaire liefert hier einige Erkl\u00e4rungen daf\u00fcr.<\/p>\n<h2><\/h2>\n<p>[\/et_pb_text][et_pb_image src=&#8220;https:\/\/sphere.swiss\/wp-content\/uploads\/2024\/05\/Marc_inPixio2.jpg&#8220; alt=&#8220;Francesco Mandala&#8220; title_text=&#8220;Marc_inPixio2&#8243; _builder_version=&#8220;4.24.2&#8243; _module_preset=&#8220;default&#8220; hover_enabled=&#8220;0&#8243; global_colors_info=&#8220;{}&#8220; sticky_enabled=&#8220;0&#8243;][\/et_pb_image][et_pb_text _builder_version=&#8220;4.24.2&#8243; _module_preset=&#8220;default&#8220; hover_enabled=&#8220;0&#8243; global_colors_info=&#8220;{}&#8220; sticky_enabled=&#8220;0&#8243;]<\/p>\n<p><strong>Welche Erwartungen haben Ihre Kunden an nachhaltige Anlagen?<\/strong><\/p>\n<p>Sie sind relativ begrenzt. Bis heute wurden wir nur sehr wenig zu diesen Fragen befragt. Sie scheinen unsere Kunden nicht \u00fcberm\u00e4ssig zu besch\u00e4ftigen. Sie sind eher darauf bedacht, mit ihren Portfolios eine bessere Performance zu erzielen. Ja, wir haben einige Kunden, die bestimmte Werte ausschliessen m\u00f6chten, aber wir haben nicht wirklich eine Nachfrage nach einem globalen Management, das vollst\u00e4ndig auf Umwelt, Soziales und Governance ausgerichtet ist.<\/p>\n<p><strong>Welchen Anteil machen nachhaltige Anlagen in den von Ihnen verwalteten Portfolios aus?<\/strong><\/p>\n<p>Es ist schwierig, das genau zu messen, aber ich glaube nicht, dass wir \u00fcber 10 % hinausgehen. Achtung, wir sind nat\u00fcrlich nicht hermetisch gegen\u00fcber nachhaltigen Anlagen verschlossen. Zwei der Fonds, die zu der Palette geh\u00f6ren, die Trillium, unsere Tochtergesellschaft f\u00fcr Asset Management, anbietet, einer in Aktien und der andere in Anleihen investiert, entsprechen \u00fcbrigens Artikel 8 der SFDR. Aber das Bewusstsein ist vielleicht nicht so tiefgreifend, wie manche glauben machen wollen.<\/p>\n<p><strong>Wie erkl\u00e4ren Sie sich diese Diskrepanz?<\/strong><\/p>\n<p>Zun\u00e4chst einmal gibt es unterschiedliche Perspektiven zwischen den Generationen. Die \u00c4lteren sind nicht mit diesem scharfen Bewusstsein f\u00fcr Umwelt oder Corporate Governance aufgewachsen. Diese Diskrepanz muss ber\u00fccksichtigt werden. Bei den \u00c4lteren sp\u00fcren wir auch eine gewisse Verkrampfung in Bezug auf die Informationskeule oder den Informations\u00fcberfluss, der mit dem ESG-Thema einhergeht. Unsere Kunden geben uns das Feedback, dass der Diskurs, der gef\u00fchrt wird, manchmal in Schuldzuweisungen ausartet.<\/p>\n<p><strong>Sehen Sie bei Ihren Kunden einen Wandel im Verhalten einer neuen Generationen?<\/strong><\/p>\n<p>Ja, das ist eindeutig ein Thema, das wir verst\u00e4rkt mit einer j\u00fcngeren Generationen ansprechen, unabh\u00e4ngig von ihrem Profil. Die einen erben von ihren Eltern, die anderen haben sich selbst als Unternehmer aufgebaut, aber in den meisten F\u00e4llen sind sie der Ansicht, dass sich ihr ESG-Engagement eher in der Art und Weise, wie sie leben und ihre Gesch\u00e4fte f\u00fchren, als in ihren Geldanlagen zeigen sollte.<\/p>\n<p>Bei unseren Kunden sind wir noch weit von der Dimension entfernt, die ESG bei institutionellen Anlegern einnimmt, die ihre Portfoliostruktur umgestaltet haben, oder bei einigen Verm\u00f6gensverwaltern, die ihr Angebot v\u00f6llig neu konzipiert haben. Sie sind ein wenig voraus, denn mir scheint, dass dieser langfristige Trend bei den Privatanlegern noch nicht so viel Resonanz gefunden hat. Es ist in der Tat zu beachten, dass die Bewertungskriterien manchmal fragw\u00fcrdig sind. Sollte beispielsweise eine \u00d6lgesellschaft, die viel in erneuerbare Energien investiert, aus einem Portfolio ausgeschlossen werden oder nicht?<\/p>\n<p><strong>Welche der vielen Produkte mit ESG-Stempel, die Sie im Umlauf sehen, sind f\u00fcr Sie besonders interessant?<\/strong><\/p>\n<p>Ich schaue mir zum Beispiel die ESG-Ratings an, die eine Online-Plattform f\u00fcr mehrere tausend Unternehmen anbietet und die auf den Bewertungen der Mitglieder beruhen. Ich finde dieses partizipative Modell sehr originell, mit Informationen und Daten, die aus der Praxis kommen, und nicht mit ESG-Berichten von Anbietern, die manchmal vom Greenwashing der Unternehmen, die sie bewerten, beeinflusst sind.<\/p>\n<p>Um bei den Produkten zu bleiben, finde ich zum Beispiel das Angebot eines unserer Kollegen interessant, der einen Fonds anbietet, der ausschliesslich in physisches Gold investiert, das r\u00fcckverfolgbar ist und von ethischen Produktionslabels profitiert. Meiner Meinung nach ist dies die Art von Produkten, die einen echten Einfluss auf die Einhaltung der Menschenrechte und die Umwelt haben k\u00f6nnen, auch wenn der Anleger bereit sein muss, eine angemessene Pr\u00e4mie zu zahlen.<\/p>\n<p><strong>Marc Lemaire <\/strong><\/p>\n<p><strong>Citadel Finance<\/strong><\/p>\n<p>Marc Lemaire ist seit 2014 Gesch\u00e4ftsf\u00fchrer von Citadel Finance. Er kam 2010 zu der von Anne de Boccard gegr\u00fcndeten Verwaltungsgesellschaft. Marc Lemaire ist ausgebildeter Betriebswirt und begann seine berufliche Laufbahn bei der Credit Suisse, zun\u00e4chst in Genf, dann im B\u00fcro in Istanbul, das er 1998 gr\u00fcndete. Im Jahr 2001 entschied er sich, seine Karriere bei der HSBC Private Bank fortzusetzen, wo er sich haupts\u00e4chlich auf t\u00fcrkische Kunden konzentrierte.<\/p>\n<p>[\/et_pb_text][et_pb_accordion _builder_version=&#8220;4.21.0&#8243; _module_preset=&#8220;default&#8220; global_colors_info=&#8220;{}&#8220;][\/et_pb_accordion][\/et_pb_column][\/et_pb_row][\/et_pb_section]<\/p>\n","protected":false},"excerpt":{"rendered":"<p>Marc Lemaire<br \/>\nCitadel Finance<br \/>\n\u201eKeine wirkliche Nachfrage nach einer globalen Verm\u00f6gensverwaltung, die vollst\u00e4ndig auf ESG ausgerichtet ist\u201c.<\/p>\n","protected":false},"author":2,"featured_media":12215,"comment_status":"closed","ping_status":"closed","sticky":false,"template":"","format":"standard","meta":{"_et_pb_use_builder":"on","_et_pb_old_content":"","_et_gb_content_width":"","_mo_disable_npp":"","footnotes":""},"categories":[1140],"tags":[1175,1174],"class_list":["post-12229","post","type-post","status-publish","format-standard","has-post-thumbnail","hentry","category-sustainable-solutions-week-zurich-2024-2","tag-citadel-finance","tag-marc-lemaire-2"],"yoast_head":"<!-- This site is optimized with the Yoast SEO plugin v25.3.1 - https:\/\/yoast.com\/wordpress\/plugins\/seo\/ -->\n<title>M\u00e4ssigung - Sphere<\/title>\n<meta name=\"description\" content=\"Bei Citadel Finance, wie auch bei vielen anderen Verm\u00f6gensverwaltern, machen nachhaltige Investitionen in den Portfolios noch einen geringeren Anteil aus. Die Nachfrage wird zwar immer deutlicher, st\u00f6sst aber noch auf eine gewisse Tr\u00e4gheit. Marc Lemaire liefert hier einige Erkl\u00e4rungen daf\u00fcr.\" \/>\n<meta name=\"robots\" content=\"index, follow, max-snippet:-1, max-image-preview:large, max-video-preview:-1\" \/>\n<link rel=\"canonical\" href=\"https:\/\/sphere.swiss\/de\/maessigung\/\" \/>\n<meta property=\"og:locale\" content=\"de_DE\" \/>\n<meta property=\"og:type\" content=\"article\" \/>\n<meta property=\"og:title\" content=\"M\u00e4ssigung - Sphere\" \/>\n<meta property=\"og:description\" content=\"Bei Citadel Finance, wie auch bei vielen anderen Verm\u00f6gensverwaltern, machen nachhaltige Investitionen in den Portfolios noch einen geringeren Anteil aus. Die Nachfrage wird zwar immer deutlicher, st\u00f6sst aber noch auf eine gewisse Tr\u00e4gheit. Marc Lemaire liefert hier einige Erkl\u00e4rungen daf\u00fcr.\" \/>\n<meta property=\"og:url\" content=\"https:\/\/sphere.swiss\/de\/maessigung\/\" \/>\n<meta property=\"og:site_name\" content=\"Sphere\" \/>\n<meta property=\"article:published_time\" content=\"2024-05-30T17:13:05+00:00\" \/>\n<meta property=\"article:modified_time\" content=\"2024-05-30T17:13:55+00:00\" \/>\n<meta property=\"og:image\" content=\"https:\/\/sphere.swiss\/wp-content\/uploads\/2024\/05\/Marc-portrait-20240530_inPixio.jpg\" \/>\n\t<meta property=\"og:image:width\" content=\"1250\" \/>\n\t<meta property=\"og:image:height\" content=\"625\" \/>\n\t<meta property=\"og:image:type\" content=\"image\/jpeg\" \/>\n<meta name=\"author\" content=\"sph3r3\" \/>\n<meta name=\"twitter:card\" content=\"summary_large_image\" \/>\n<meta name=\"twitter:label1\" content=\"Verfasst von\" \/>\n\t<meta name=\"twitter:data1\" content=\"sph3r3\" \/>\n\t<meta name=\"twitter:label2\" content=\"Gesch\u00e4tzte Lesezeit\" \/>\n\t<meta name=\"twitter:data2\" content=\"5\u00a0Minuten\" \/>\n<script type=\"application\/ld+json\" class=\"yoast-schema-graph\">{\"@context\":\"https:\/\/schema.org\",\"@graph\":[{\"@type\":\"WebPage\",\"@id\":\"https:\/\/sphere.swiss\/de\/maessigung\/\",\"url\":\"https:\/\/sphere.swiss\/de\/maessigung\/\",\"name\":\"M\u00e4ssigung - Sphere\",\"isPartOf\":{\"@id\":\"https:\/\/sphere.swiss\/de\/#website\"},\"primaryImageOfPage\":{\"@id\":\"https:\/\/sphere.swiss\/de\/maessigung\/#primaryimage\"},\"image\":{\"@id\":\"https:\/\/sphere.swiss\/de\/maessigung\/#primaryimage\"},\"thumbnailUrl\":\"https:\/\/sphere.swiss\/wp-content\/uploads\/2024\/05\/Marc-portrait-20240530_inPixio.jpg\",\"datePublished\":\"2024-05-30T17:13:05+00:00\",\"dateModified\":\"2024-05-30T17:13:55+00:00\",\"author\":{\"@id\":\"https:\/\/sphere.swiss\/de\/#\/schema\/person\/bd0c19ac051bb08ddf812db864e2ea78\"},\"description\":\"Bei Citadel Finance, wie auch bei vielen anderen Verm\u00f6gensverwaltern, machen nachhaltige Investitionen in den Portfolios noch einen geringeren Anteil aus. Die Nachfrage wird zwar immer deutlicher, st\u00f6sst aber noch auf eine gewisse Tr\u00e4gheit. Marc Lemaire liefert hier einige Erkl\u00e4rungen daf\u00fcr.\",\"breadcrumb\":{\"@id\":\"https:\/\/sphere.swiss\/de\/maessigung\/#breadcrumb\"},\"inLanguage\":\"de\",\"potentialAction\":[{\"@type\":\"ReadAction\",\"target\":[\"https:\/\/sphere.swiss\/de\/maessigung\/\"]}]},{\"@type\":\"ImageObject\",\"inLanguage\":\"de\",\"@id\":\"https:\/\/sphere.swiss\/de\/maessigung\/#primaryimage\",\"url\":\"https:\/\/sphere.swiss\/wp-content\/uploads\/2024\/05\/Marc-portrait-20240530_inPixio.jpg\",\"contentUrl\":\"https:\/\/sphere.swiss\/wp-content\/uploads\/2024\/05\/Marc-portrait-20240530_inPixio.jpg\",\"width\":1250,\"height\":625},{\"@type\":\"BreadcrumbList\",\"@id\":\"https:\/\/sphere.swiss\/de\/maessigung\/#breadcrumb\",\"itemListElement\":[{\"@type\":\"ListItem\",\"position\":1,\"name\":\"Home\",\"item\":\"https:\/\/sphere.swiss\/de\/\"},{\"@type\":\"ListItem\",\"position\":2,\"name\":\"M\u00e4ssigung\"}]},{\"@type\":\"WebSite\",\"@id\":\"https:\/\/sphere.swiss\/de\/#website\",\"url\":\"https:\/\/sphere.swiss\/de\/\",\"name\":\"Sphere\",\"description\":\"The Swiss Financial Arena\",\"alternateName\":\"Sphere Swiss\",\"potentialAction\":[{\"@type\":\"SearchAction\",\"target\":{\"@type\":\"EntryPoint\",\"urlTemplate\":\"https:\/\/sphere.swiss\/de\/?s={search_term_string}\"},\"query-input\":{\"@type\":\"PropertyValueSpecification\",\"valueRequired\":true,\"valueName\":\"search_term_string\"}}],\"inLanguage\":\"de\"},{\"@type\":\"Person\",\"@id\":\"https:\/\/sphere.swiss\/de\/#\/schema\/person\/bd0c19ac051bb08ddf812db864e2ea78\",\"name\":\"sph3r3\",\"image\":{\"@type\":\"ImageObject\",\"inLanguage\":\"de\",\"@id\":\"https:\/\/sphere.swiss\/de\/#\/schema\/person\/image\/\",\"url\":\"https:\/\/secure.gravatar.com\/avatar\/580395011f6a1ca0bf8ae70d71d5015878f64832766767a33c46af64643053a7?s=96&d=mm&r=g\",\"contentUrl\":\"https:\/\/secure.gravatar.com\/avatar\/580395011f6a1ca0bf8ae70d71d5015878f64832766767a33c46af64643053a7?s=96&d=mm&r=g\",\"caption\":\"sph3r3\"},\"url\":\"https:\/\/sphere.swiss\/de\/author\/sph3r3\/\"}]}<\/script>\n<!-- \/ Yoast SEO plugin. -->","yoast_head_json":{"title":"M\u00e4ssigung - Sphere","description":"Bei Citadel Finance, wie auch bei vielen anderen Verm\u00f6gensverwaltern, machen nachhaltige Investitionen in den Portfolios noch einen geringeren Anteil aus. Die Nachfrage wird zwar immer deutlicher, st\u00f6sst aber noch auf eine gewisse Tr\u00e4gheit. Marc Lemaire liefert hier einige Erkl\u00e4rungen daf\u00fcr.","robots":{"index":"index","follow":"follow","max-snippet":"max-snippet:-1","max-image-preview":"max-image-preview:large","max-video-preview":"max-video-preview:-1"},"canonical":"https:\/\/sphere.swiss\/de\/maessigung\/","og_locale":"de_DE","og_type":"article","og_title":"M\u00e4ssigung - Sphere","og_description":"Bei Citadel Finance, wie auch bei vielen anderen Verm\u00f6gensverwaltern, machen nachhaltige Investitionen in den Portfolios noch einen geringeren Anteil aus. Die Nachfrage wird zwar immer deutlicher, st\u00f6sst aber noch auf eine gewisse Tr\u00e4gheit. Marc Lemaire liefert hier einige Erkl\u00e4rungen daf\u00fcr.","og_url":"https:\/\/sphere.swiss\/de\/maessigung\/","og_site_name":"Sphere","article_published_time":"2024-05-30T17:13:05+00:00","article_modified_time":"2024-05-30T17:13:55+00:00","og_image":[{"width":1250,"height":625,"url":"https:\/\/sphere.swiss\/wp-content\/uploads\/2024\/05\/Marc-portrait-20240530_inPixio.jpg","type":"image\/jpeg"}],"author":"sph3r3","twitter_card":"summary_large_image","twitter_misc":{"Verfasst von":"sph3r3","Gesch\u00e4tzte Lesezeit":"5\u00a0Minuten"},"schema":{"@context":"https:\/\/schema.org","@graph":[{"@type":"WebPage","@id":"https:\/\/sphere.swiss\/de\/maessigung\/","url":"https:\/\/sphere.swiss\/de\/maessigung\/","name":"M\u00e4ssigung - Sphere","isPartOf":{"@id":"https:\/\/sphere.swiss\/de\/#website"},"primaryImageOfPage":{"@id":"https:\/\/sphere.swiss\/de\/maessigung\/#primaryimage"},"image":{"@id":"https:\/\/sphere.swiss\/de\/maessigung\/#primaryimage"},"thumbnailUrl":"https:\/\/sphere.swiss\/wp-content\/uploads\/2024\/05\/Marc-portrait-20240530_inPixio.jpg","datePublished":"2024-05-30T17:13:05+00:00","dateModified":"2024-05-30T17:13:55+00:00","author":{"@id":"https:\/\/sphere.swiss\/de\/#\/schema\/person\/bd0c19ac051bb08ddf812db864e2ea78"},"description":"Bei Citadel Finance, wie auch bei vielen anderen Verm\u00f6gensverwaltern, machen nachhaltige Investitionen in den Portfolios noch einen geringeren Anteil aus. Die Nachfrage wird zwar immer deutlicher, st\u00f6sst aber noch auf eine gewisse Tr\u00e4gheit. Marc Lemaire liefert hier einige Erkl\u00e4rungen daf\u00fcr.","breadcrumb":{"@id":"https:\/\/sphere.swiss\/de\/maessigung\/#breadcrumb"},"inLanguage":"de","potentialAction":[{"@type":"ReadAction","target":["https:\/\/sphere.swiss\/de\/maessigung\/"]}]},{"@type":"ImageObject","inLanguage":"de","@id":"https:\/\/sphere.swiss\/de\/maessigung\/#primaryimage","url":"https:\/\/sphere.swiss\/wp-content\/uploads\/2024\/05\/Marc-portrait-20240530_inPixio.jpg","contentUrl":"https:\/\/sphere.swiss\/wp-content\/uploads\/2024\/05\/Marc-portrait-20240530_inPixio.jpg","width":1250,"height":625},{"@type":"BreadcrumbList","@id":"https:\/\/sphere.swiss\/de\/maessigung\/#breadcrumb","itemListElement":[{"@type":"ListItem","position":1,"name":"Home","item":"https:\/\/sphere.swiss\/de\/"},{"@type":"ListItem","position":2,"name":"M\u00e4ssigung"}]},{"@type":"WebSite","@id":"https:\/\/sphere.swiss\/de\/#website","url":"https:\/\/sphere.swiss\/de\/","name":"Sphere","description":"The Swiss Financial Arena","alternateName":"Sphere Swiss","potentialAction":[{"@type":"SearchAction","target":{"@type":"EntryPoint","urlTemplate":"https:\/\/sphere.swiss\/de\/?s={search_term_string}"},"query-input":{"@type":"PropertyValueSpecification","valueRequired":true,"valueName":"search_term_string"}}],"inLanguage":"de"},{"@type":"Person","@id":"https:\/\/sphere.swiss\/de\/#\/schema\/person\/bd0c19ac051bb08ddf812db864e2ea78","name":"sph3r3","image":{"@type":"ImageObject","inLanguage":"de","@id":"https:\/\/sphere.swiss\/de\/#\/schema\/person\/image\/","url":"https:\/\/secure.gravatar.com\/avatar\/580395011f6a1ca0bf8ae70d71d5015878f64832766767a33c46af64643053a7?s=96&d=mm&r=g","contentUrl":"https:\/\/secure.gravatar.com\/avatar\/580395011f6a1ca0bf8ae70d71d5015878f64832766767a33c46af64643053a7?s=96&d=mm&r=g","caption":"sph3r3"},"url":"https:\/\/sphere.swiss\/de\/author\/sph3r3\/"}]}},"_links":{"self":[{"href":"https:\/\/sphere.swiss\/de\/wp-json\/wp\/v2\/posts\/12229","targetHints":{"allow":["GET"]}}],"collection":[{"href":"https:\/\/sphere.swiss\/de\/wp-json\/wp\/v2\/posts"}],"about":[{"href":"https:\/\/sphere.swiss\/de\/wp-json\/wp\/v2\/types\/post"}],"author":[{"embeddable":true,"href":"https:\/\/sphere.swiss\/de\/wp-json\/wp\/v2\/users\/2"}],"replies":[{"embeddable":true,"href":"https:\/\/sphere.swiss\/de\/wp-json\/wp\/v2\/comments?post=12229"}],"version-history":[{"count":3,"href":"https:\/\/sphere.swiss\/de\/wp-json\/wp\/v2\/posts\/12229\/revisions"}],"predecessor-version":[{"id":12234,"href":"https:\/\/sphere.swiss\/de\/wp-json\/wp\/v2\/posts\/12229\/revisions\/12234"}],"wp:featuredmedia":[{"embeddable":true,"href":"https:\/\/sphere.swiss\/de\/wp-json\/wp\/v2\/media\/12215"}],"wp:attachment":[{"href":"https:\/\/sphere.swiss\/de\/wp-json\/wp\/v2\/media?parent=12229"}],"wp:term":[{"taxonomy":"category","embeddable":true,"href":"https:\/\/sphere.swiss\/de\/wp-json\/wp\/v2\/categories?post=12229"},{"taxonomy":"post_tag","embeddable":true,"href":"https:\/\/sphere.swiss\/de\/wp-json\/wp\/v2\/tags?post=12229"}],"curies":[{"name":"wp","href":"https:\/\/api.w.org\/{rel}","templated":true}]}}