{"id":12401,"date":"2024-06-05T09:05:49","date_gmt":"2024-06-05T07:05:49","guid":{"rendered":"https:\/\/sphere.swiss\/?p=12401"},"modified":"2024-06-05T11:02:42","modified_gmt":"2024-06-05T09:02:42","slug":"abloesung","status":"publish","type":"post","link":"https:\/\/sphere.swiss\/de\/abloesung\/","title":{"rendered":"Abl\u00f6sung"},"content":{"rendered":"<p>[et_pb_section fb_built=&#8220;1&#8243; _builder_version=&#8220;4.19.4&#8243; _module_preset=&#8220;default&#8220; custom_padding=&#8220;1px|||||&#8220; global_colors_info=&#8220;{}&#8220;][et_pb_row disabled_on=&#8220;off|off|off&#8220; _builder_version=&#8220;4.24.2&#8243; _module_preset=&#8220;default&#8220; width=&#8220;100%&#8220; max_width=&#8220;903px&#8220; custom_margin=&#8220;-16px|auto||auto|false|false&#8220; custom_padding=&#8220;1px||0px|||&#8220; disabled=&#8220;on&#8220; global_module=&#8220;580&#8243; saved_tabs=&#8220;all&#8220; global_colors_info=&#8220;{}&#8220;][et_pb_column type=&#8220;4_4&#8243; _builder_version=&#8220;4.24.2&#8243; _module_preset=&#8220;default&#8220; global_colors_info=&#8220;{}&#8220;][dnxte_logo_carousel_parent dnxt_carousel_autoplay_delay=&#8220;2300&#8243; dnxt_carousel_loop=&#8220;on&#8220; dnxt_carousel_centered_slides=&#8220;on&#8220; dnxt_carousel_speed=&#8220;4000&#8243; dnxt_carousel_spacebetween=&#8220;500&#8243; dnxt_carousel_breakpoint_desktop=&#8220;1&#8243; disabled_on=&#8220;off|off|off&#8220; _builder_version=&#8220;4.24.2&#8243; _module_preset=&#8220;default&#8220; global_colors_info=&#8220;{}&#8220;][dnxte_logo_carousel_child logo_carousel_image=&#8220;https:\/\/sphere.swiss\/wp-content\/uploads\/2024\/02\/CATFP_SPHERE_banner_AMC_1080x260px.jpg&#8220; logo_carousel_alt=&#8220;CAT&#8220; _builder_version=&#8220;4.24.2&#8243; _module_preset=&#8220;default&#8220; link_option_url=&#8220;https:\/\/catfp.ch\/fr&#8220; global_colors_info=&#8220;{}&#8220;][\/dnxte_logo_carousel_child][dnxte_logo_carousel_child logo_carousel_image=&#8220;https:\/\/sphere.swiss\/wp-content\/uploads\/2024\/02\/3.8305_banner_website_borsentag_1080x260px_20240212_01.gif&#8220; logo_carousel_alt=&#8220;DWS&#8220; _builder_version=&#8220;4.24.1&#8243; _module_preset=&#8220;default&#8220; link_option_url=&#8220;https:\/\/etf.dws.com\/en-ch\/&#8220; global_colors_info=&#8220;{}&#8220;][\/dnxte_logo_carousel_child][dnxte_logo_carousel_child logo_carousel_image=&#8220;https:\/\/sphere.swiss\/wp-content\/uploads\/2024\/02\/banniere-website.png&#8220; logo_carousel_alt=&#8220;Keesystem&#8220; _builder_version=&#8220;4.24.1&#8243; _module_preset=&#8220;default&#8220; link_option_url=&#8220;https:\/\/www.keesystem.com\/fr\/&#8220; global_colors_info=&#8220;{}&#8220;][\/dnxte_logo_carousel_child][dnxte_logo_carousel_child logo_carousel_image=&#8220;https:\/\/sphere.swiss\/wp-content\/uploads\/2024\/02\/Banner-French.png&#8220; logo_carousel_alt=&#8220;Penta&#8220; _builder_version=&#8220;4.24.1&#8243; _module_preset=&#8220;default&#8220; link_option_url=&#8220;https:\/\/penta.ch\/fr\/&#8220; global_colors_info=&#8220;{}&#8220;][\/dnxte_logo_carousel_child][dnxte_logo_carousel_child logo_carousel_image=&#8220;https:\/\/sphere.swiss\/wp-content\/uploads\/2024\/02\/24_SQ_Digital-Solution-Week_Banner_1080x260px2.png&#8220; logo_carousel_alt=&#8220;Swissquote&#8220; _builder_version=&#8220;4.24.1&#8243; _module_preset=&#8220;default&#8220; link_option_url=&#8220;https:\/\/www.swissquote.com\/en\/institutional\/clients\/asset-managers?utm_source=sphere&amp;utm_campaign=digital-solutions-week_sqba_trade_tradeshow_awareness_trade&amp;utm_medium=banner&#8220; global_colors_info=&#8220;{}&#8220;][\/dnxte_logo_carousel_child][dnxte_logo_carousel_child logo_carousel_image=&#8220;https:\/\/sphere.swiss\/wp-content\/uploads\/2024\/02\/42278_GFIM-Banner_1080x260_2024_FR.jpg&#8220; logo_carousel_alt=&#8220;UBS&#8220; _builder_version=&#8220;4.24.2&#8243; _module_preset=&#8220;default&#8220; link_option_url=&#8220;https:\/\/www.ubs.com\/global\/fr\/wealth-management\/financial-intermediaries.html&#8220; global_colors_info=&#8220;{}&#8220;][\/dnxte_logo_carousel_child][\/dnxte_logo_carousel_parent][\/et_pb_column][\/et_pb_row][et_pb_row column_structure=&#8220;2_3,1_3&#8243; _builder_version=&#8220;4.20.2&#8243; _module_preset=&#8220;default&#8220; global_colors_info=&#8220;{}&#8220;][et_pb_column type=&#8220;2_3&#8243; _builder_version=&#8220;4.19.4&#8243; _module_preset=&#8220;default&#8220; global_colors_info=&#8220;{}&#8220;][et_pb_text _builder_version=&#8220;4.23.1&#8243; _module_preset=&#8220;default&#8220; header_font_size=&#8220;33px&#8220; header_line_height=&#8220;1.2em&#8220; header_3_font=&#8220;|300|||||||&#8220; header_3_text_align=&#8220;justify&#8220; header_3_font_size=&#8220;17px&#8220; global_colors_info=&#8220;{}&#8220;]<\/p>\n<h1><strong>EAM-L\u00f6sungen<\/strong><\/h1>\n<p>[\/et_pb_text][et_pb_text _builder_version=&#8220;4.25.1&#8243; _module_preset=&#8220;default&#8220; header_font_size=&#8220;33px&#8220; header_line_height=&#8220;1.2em&#8220; header_3_font=&#8220;|300|||||||&#8220; header_3_text_align=&#8220;justify&#8220; header_3_font_size=&#8220;17px&#8220; hover_enabled=&#8220;0&#8243; global_colors_info=&#8220;{}&#8220; sticky_enabled=&#8220;0&#8243;]<\/p>\n<ul>\n<li><strong>Interview mit Alban Janssens de Bisthoven<\/strong><\/li>\n<li><strong>Partner, Leiter f\u00fcr Verm\u00f6gensplanung<\/strong><\/li>\n<li><strong>Forum Finance<\/strong><\/li>\n<\/ul>\n<h2><strong>&#8222;Wir m\u00fcssen uns in Richtung mehr Modernit\u00e4t bewegen&#8220;<\/strong><\/h2>\n<p>Als junger Partner von Forum Finance verk\u00f6rpert Alban Janssens de Bisthoven die Generation von Verm\u00f6gensverwaltern, welche eine neue Generation von Kunden bedienen wird. Eine wertvolle Verst\u00e4rkung f\u00fcr eine Gruppe, die in diesem Jahr ihr dreissigj\u00e4hriges Bestehen feiert und der Erneuerung ihrer F\u00fchrungskr\u00e4fte besondere Aufmerksamkeit schenkt.<\/p>\n<p>[\/et_pb_text][dnxte_minimal_image_hover image=&#8220;https:\/\/sphere.swiss\/wp-content\/uploads\/2024\/06\/alban-002.jpg&#8220; dnxtmih_image_hover_effect=&#8220;effect9&#8243; _builder_version=&#8220;4.25.1&#8243; _module_preset=&#8220;default&#8220; module_alignment=&#8220;center&#8220; hover_enabled=&#8220;0&#8243; global_colors_info=&#8220;{}&#8220; sticky_enabled=&#8220;0&#8243; title_text=&#8220;alban (002)&#8220;][\/dnxte_minimal_image_hover][et_pb_text _builder_version=&#8220;4.25.1&#8243; _module_preset=&#8220;default&#8220; text_font=&#8220;|300|||||||&#8220; text_font_size=&#8220;17px&#8220; text_line_height=&#8220;1.9em&#8220; header_font=&#8220;|600|||||||&#8220; header_2_font=&#8220;|600|||||||&#8220; header_2_text_align=&#8220;left&#8220; header_2_font_size=&#8220;31px&#8220; text_orientation=&#8220;justified&#8220; hover_enabled=&#8220;0&#8243; global_colors_info=&#8220;{}&#8220; sticky_enabled=&#8220;0&#8243;]<\/p>\n<p><strong>Wie beurteilen Sie den gegenw\u00e4rtigen Stand Verm\u00f6gensverwaltung und welche Entwicklungen muss die Branche Ihrer Meinung nach durchlaufen ? <\/strong><\/p>\n<p>Sie muss sich in der Tat weiterentwickeln, weil wir auf die eine oder andere Weise mit dem Tempo Schritt halten m\u00fcssen, welches unsere Kunden vorgeben. Dieses Tempo wird mit Sicherheit noch schneller. Wir m\u00fcssen uns deshalb st\u00e4rker auf die Leistung konzentrieren, als Berater verf\u00fcgbarer werden und die Werkzeuge nutzen, mit denen unsere Kunden selbst arbeiten. Ich denke dabei auch an die Digitalisierung und all ihre Anwendungen.<\/p>\n<p>Wir m\u00fcssen uns in Richtung mehr Modernit\u00e4t bewegen, bis hin zu den Anlagel\u00f6sungen, wo wir mehr Grundlagen abdecken m\u00fcssen, wie zum Beispiel Impact, ESG, aber auch Private Equity und Digital Assets. Wir sp\u00fcren diese Erwartungen deutlich bei den j\u00fcngsten unserer Kunden, denjenigen, die j\u00fcnger als 50 Jahre sind.<\/p>\n<p><strong>Wie sieht das Kundenprofil von morgen aus?<\/strong><\/p>\n<p>Einige haben das Verm\u00f6gen im Rahmen einer Verm\u00f6gens\u00fcbertragung erhalten, sei es in Form von Schenkungen, Lebensversicherungen, Trusts oder auch Stiftungen. Wir sehen aber auch eine neue Generation von Unternehmern. Diese hat ihr Verm\u00f6gen und ihren Besitz selbst aufgebaut, indem sie ihr Unternehmen entwickelt und dann gut verkauft haben. Sie machen einen grossen Teil des Kundenportfolios von Forum Finance aus. Das ist auch unser Markenzeichen.<\/p>\n<p><strong>Die Erneuerung der Partner bei Forum Finance geht also mit der Erneuerung der Klientel einher?<\/strong><\/p>\n<p>Ja, diese Erneuerung findet auf nat\u00fcrliche Weise statt. Die jungen Partner ziehen recht logisch j\u00fcngere Kunden an. Es gibt eine gewisse Jugendlichkeit, die von Forum Finance ausgeht. Die Kunden sp\u00fcren das und ich glaube, das gef\u00e4llt ihnen. Heute sind alle Altersgruppen im Gesellschafterkollegium vertreten. Sie haben 40-J\u00e4hrige, 50-J\u00e4hrige und nat\u00fcrlich 60-J\u00e4hrige, die bereit sind, den Stab in einigen Jahren weiterzugeben, und die sich entsprechend organisiert haben.<\/p>\n<p><strong>Investieren die j\u00fcngeren Generationen anders in Finanzdienstleistungen als die \u00e4lteren? <\/strong><\/p>\n<p>Abgesehen von Krypto, NFTs und Impact merke ich, dass der Teil der neuen Generation viel st\u00e4rker auf die Renditen achtet, der das Verm\u00f6gen selber erwirtschaftet hat. Sie verlangen von ihren Verm\u00f6gensverwaltern auch eine bessere Verf\u00fcgbarkeit und eine st\u00e4rkere Reaktionsf\u00e4higkeit, da sie mit der Unmittelbarkeit aufgewachsen sind. Die Enscheidung ist nur einen Mausklick entfernt.<\/p>\n<p><strong>Welche neuen Dienstleistungen m\u00f6chten Sie im Blick auf diese neue Generation einf\u00fchren?<\/strong><\/p>\n<p>Wir haben zun\u00e4chst eine Bildungs- und Informationspflicht. Wir m\u00fcssen diese Kunden auch f\u00fcr die Verm\u00f6gensverwaltung und den Wert, den sie generieren k\u00f6nnen, sensibilisieren. Wir m\u00fcssen sie auch auf die Verwaltung ihres Verm\u00f6gens vorbereiten, die im Laufe der Zeit immer komplexer geworden ist. Wir widmen diesen Fragen viel Zeit. Wir organisieren viele Treffen mit unseren Kunden, um all diese Punkte anzusprechen. Wir haben sogar unsere eigenen NextGen-Sessions ins Leben gerufen, die uns im Gegenzug helfen, die W\u00fcnsche unserer Kunden besser zu verstehen. Wir wollen ihnen so gut wie m\u00f6glich zuh\u00f6ren und der Austausch, den wir mit ihnen entwickeln, ist f\u00fcr uns unerl\u00e4sslich.<\/p>\n<p><strong>Was ist das typische Profil eines neuen Verm\u00f6gensverwalters, der diese neue Klientel betreuen kann?<\/strong><\/p>\n<p>Ich glaube wirklich, dass die F\u00e4higkeiten in Bezug auf die Technologie, den man sich im Laufe der Zeit durch den Kontakt mit anderen Fachleuten aneignet, an zweiter Stelle stehen sollte. F\u00fcr mich ist es eher eine Frage der Einstellung, des Temperaments und des Verhaltens. Es n\u00fctzt nichts, ein enzyklop\u00e4disches Wissen \u00fcber die M\u00e4rkte zu haben, wenn Sie nicht in erster Linie dynamisch, enthusiastisch und neugierig sind. Die Neugierde ist sehr wichtig. Sie entscheidet \u00fcber die Qualit\u00e4t der Beziehung, die Sie zu Ihren Kunden aufbauen, und \u00fcber das Vertrauen, das Sie bei ihnen erwecken k\u00f6nnen. Wenn Sie Empathie f\u00fcr Ihre Kunden empfinden, k\u00f6nnen Sie ihre Probleme besser antizipieren und leichter die richtigen L\u00f6sungen umsetzen.<\/p>\n<p><strong>Alban Janssens de Bisthoven<\/strong><\/p>\n<p><strong>Forum Finance <\/strong><\/p>\n<p>Alban Janssens de Bisthoven ist Leiter Abteilung Verm\u00f6gensplanung bei Forum Finance. Er trat 2018 in die Gruppe ein und wurde 2021 zum Partner ernannt. Alban Janssens de Bisthoven begann seine Karriere als Anwalt in den Niederlanden und Belgien und verbrachte dann 11 Jahre im Wealth Planning Team bei Julius B\u00e4r in Genf. Er hat einen Master in Rechtswissenschaften, einen Master in Wirtschaftsrecht und einen Master in Steuerrecht.<\/p>\n<p>[\/et_pb_text][\/et_pb_column][et_pb_column type=&#8220;1_3&#8243; _builder_version=&#8220;4.19.4&#8243; _module_preset=&#8220;default&#8220; global_colors_info=&#8220;{}&#8220;][et_pb_blog_extras use_category_filterable_blog=&#8220;on&#8220; show_all_posts_link=&#8220;on&#8220; posts_number=&#8220;3&#8243; include_categories=&#8220;5&#8243; blog_layout=&#8220;block_extended&#8220; show_author=&#8220;off&#8220; category_meta_colors=&#8220;on&#8220; show_comments=&#8220;off&#8220; show_read_time=&#8220;on&#8220; _builder_version=&#8220;4.20.0&#8243; _module_preset=&#8220;default&#8220; header_font=&#8220;|600|||||||&#8220; header_font_size=&#8220;20px&#8220; body_font=&#8220;|300|||||||&#8220; body_text_align=&#8220;left&#8220; global_colors_info=&#8220;{}&#8220;][\/et_pb_blog_extras][\/et_pb_column][\/et_pb_row][et_pb_row _builder_version=&#8220;4.20.0&#8243; _module_preset=&#8220;default&#8220; global_module=&#8220;592&#8243; saved_tabs=&#8220;all&#8220; global_colors_info=&#8220;{}&#8220;][et_pb_column type=&#8220;4_4&#8243; _builder_version=&#8220;4.20.0&#8243; _module_preset=&#8220;default&#8220; global_colors_info=&#8220;{}&#8220;][et_pb_blog_extras posts_number=&#8220;3&#8243; include_categories=&#8220;5,6,8,7&#8243; blog_layout=&#8220;block_extended&#8220; show_author=&#8220;off&#8220; category_meta_colors=&#8220;on&#8220; show_comments=&#8220;off&#8220; show_read_time=&#8220;on&#8220; _builder_version=&#8220;4.20.2&#8243; _module_preset=&#8220;default&#8220; header_font=&#8220;|600|||||||&#8220; header_font_size=&#8220;20px&#8220; body_font=&#8220;|300|||||||&#8220; body_text_align=&#8220;left&#8220; global_colors_info=&#8220;{}&#8220;][\/et_pb_blog_extras][\/et_pb_column][\/et_pb_row][\/et_pb_section][et_pb_section fb_built=&#8220;1&#8243; _builder_version=&#8220;4.19.5&#8243; _module_preset=&#8220;default&#8220; global_module=&#8220;120&#8243; saved_tabs=&#8220;all&#8220; global_colors_info=&#8220;{}&#8220;][\/et_pb_section]<\/p>\n","protected":false},"excerpt":{"rendered":"<p>Alban Janssens de Bisthoven<br \/>\nForum Finance<br \/>\n&#8222;Wir m\u00fcssen uns in Richtung mehr Modernit\u00e4t bewegen&#8220;<\/p>\n","protected":false},"author":2,"featured_media":12405,"comment_status":"closed","ping_status":"closed","sticky":false,"template":"","format":"standard","meta":{"_et_pb_use_builder":"on","_et_pb_old_content":"","_et_gb_content_width":"","_mo_disable_npp":"","footnotes":""},"categories":[5],"tags":[1182,1183,349],"class_list":["post-12401","post","type-post","status-publish","format-standard","has-post-thumbnail","hentry","category-solutions-eam","tag-alban-janssens-de-bisthoven-de","tag-forum-finance-de","tag-solutions-eam"],"yoast_head":"<!-- This site is optimized with the Yoast SEO plugin v25.3.1 - https:\/\/yoast.com\/wordpress\/plugins\/seo\/ -->\n<title>Abl\u00f6sung - Sphere<\/title>\n<meta name=\"description\" content=\"Als junger Partner von Forum Finance verk\u00f6rpert Alban Janssens de Bisthoven die Generation von Verm\u00f6gensverwaltern, welche eine neue Generation von Kunden bedienen wird. Eine wertvolle Verst\u00e4rkung f\u00fcr eine Gruppe, die in diesem Jahr ihr dreissigj\u00e4hriges Bestehen feiert und der Erneuerung ihrer F\u00fchrungskr\u00e4fte besondere Aufmerksamkeit schenkt.\" \/>\n<meta name=\"robots\" content=\"index, follow, max-snippet:-1, max-image-preview:large, max-video-preview:-1\" \/>\n<link rel=\"canonical\" href=\"https:\/\/sphere.swiss\/de\/abloesung\/\" \/>\n<meta property=\"og:locale\" content=\"de_DE\" \/>\n<meta property=\"og:type\" content=\"article\" \/>\n<meta property=\"og:title\" content=\"Abl\u00f6sung - Sphere\" \/>\n<meta property=\"og:description\" content=\"Als junger Partner von Forum Finance verk\u00f6rpert Alban Janssens de Bisthoven die Generation von Verm\u00f6gensverwaltern, welche eine neue Generation von Kunden bedienen wird. Eine wertvolle Verst\u00e4rkung f\u00fcr eine Gruppe, die in diesem Jahr ihr dreissigj\u00e4hriges Bestehen feiert und der Erneuerung ihrer F\u00fchrungskr\u00e4fte besondere Aufmerksamkeit schenkt.\" \/>\n<meta property=\"og:url\" content=\"https:\/\/sphere.swiss\/de\/abloesung\/\" \/>\n<meta property=\"og:site_name\" content=\"Sphere\" \/>\n<meta property=\"article:published_time\" content=\"2024-06-05T07:05:49+00:00\" \/>\n<meta property=\"article:modified_time\" content=\"2024-06-05T09:02:42+00:00\" \/>\n<meta property=\"og:image\" content=\"https:\/\/sphere.swiss\/wp-content\/uploads\/2024\/06\/alban-002.jpg\" \/>\n\t<meta property=\"og:image:width\" content=\"1250\" \/>\n\t<meta property=\"og:image:height\" content=\"625\" \/>\n\t<meta property=\"og:image:type\" content=\"image\/jpeg\" \/>\n<meta name=\"author\" content=\"sph3r3\" \/>\n<meta name=\"twitter:card\" content=\"summary_large_image\" \/>\n<meta name=\"twitter:label1\" content=\"Verfasst von\" \/>\n\t<meta name=\"twitter:data1\" content=\"sph3r3\" \/>\n\t<meta name=\"twitter:label2\" content=\"Gesch\u00e4tzte Lesezeit\" \/>\n\t<meta name=\"twitter:data2\" content=\"7\u00a0Minuten\" \/>\n<script type=\"application\/ld+json\" class=\"yoast-schema-graph\">{\"@context\":\"https:\/\/schema.org\",\"@graph\":[{\"@type\":\"WebPage\",\"@id\":\"https:\/\/sphere.swiss\/de\/abloesung\/\",\"url\":\"https:\/\/sphere.swiss\/de\/abloesung\/\",\"name\":\"Abl\u00f6sung - Sphere\",\"isPartOf\":{\"@id\":\"https:\/\/sphere.swiss\/de\/#website\"},\"primaryImageOfPage\":{\"@id\":\"https:\/\/sphere.swiss\/de\/abloesung\/#primaryimage\"},\"image\":{\"@id\":\"https:\/\/sphere.swiss\/de\/abloesung\/#primaryimage\"},\"thumbnailUrl\":\"https:\/\/sphere.swiss\/wp-content\/uploads\/2024\/06\/alban-002.jpg\",\"datePublished\":\"2024-06-05T07:05:49+00:00\",\"dateModified\":\"2024-06-05T09:02:42+00:00\",\"author\":{\"@id\":\"https:\/\/sphere.swiss\/de\/#\/schema\/person\/bd0c19ac051bb08ddf812db864e2ea78\"},\"description\":\"Als junger Partner von Forum Finance verk\u00f6rpert Alban Janssens de Bisthoven die Generation von Verm\u00f6gensverwaltern, welche eine neue Generation von Kunden bedienen wird. Eine wertvolle Verst\u00e4rkung f\u00fcr eine Gruppe, die in diesem Jahr ihr dreissigj\u00e4hriges Bestehen feiert und der Erneuerung ihrer F\u00fchrungskr\u00e4fte besondere Aufmerksamkeit schenkt.\",\"breadcrumb\":{\"@id\":\"https:\/\/sphere.swiss\/de\/abloesung\/#breadcrumb\"},\"inLanguage\":\"de\",\"potentialAction\":[{\"@type\":\"ReadAction\",\"target\":[\"https:\/\/sphere.swiss\/de\/abloesung\/\"]}]},{\"@type\":\"ImageObject\",\"inLanguage\":\"de\",\"@id\":\"https:\/\/sphere.swiss\/de\/abloesung\/#primaryimage\",\"url\":\"https:\/\/sphere.swiss\/wp-content\/uploads\/2024\/06\/alban-002.jpg\",\"contentUrl\":\"https:\/\/sphere.swiss\/wp-content\/uploads\/2024\/06\/alban-002.jpg\",\"width\":1250,\"height\":625},{\"@type\":\"BreadcrumbList\",\"@id\":\"https:\/\/sphere.swiss\/de\/abloesung\/#breadcrumb\",\"itemListElement\":[{\"@type\":\"ListItem\",\"position\":1,\"name\":\"Home\",\"item\":\"https:\/\/sphere.swiss\/de\/\"},{\"@type\":\"ListItem\",\"position\":2,\"name\":\"Abl\u00f6sung\"}]},{\"@type\":\"WebSite\",\"@id\":\"https:\/\/sphere.swiss\/de\/#website\",\"url\":\"https:\/\/sphere.swiss\/de\/\",\"name\":\"Sphere\",\"description\":\"The Swiss Financial Arena\",\"alternateName\":\"Sphere Swiss\",\"potentialAction\":[{\"@type\":\"SearchAction\",\"target\":{\"@type\":\"EntryPoint\",\"urlTemplate\":\"https:\/\/sphere.swiss\/de\/?s={search_term_string}\"},\"query-input\":{\"@type\":\"PropertyValueSpecification\",\"valueRequired\":true,\"valueName\":\"search_term_string\"}}],\"inLanguage\":\"de\"},{\"@type\":\"Person\",\"@id\":\"https:\/\/sphere.swiss\/de\/#\/schema\/person\/bd0c19ac051bb08ddf812db864e2ea78\",\"name\":\"sph3r3\",\"image\":{\"@type\":\"ImageObject\",\"inLanguage\":\"de\",\"@id\":\"https:\/\/sphere.swiss\/de\/#\/schema\/person\/image\/\",\"url\":\"https:\/\/secure.gravatar.com\/avatar\/580395011f6a1ca0bf8ae70d71d5015878f64832766767a33c46af64643053a7?s=96&d=mm&r=g\",\"contentUrl\":\"https:\/\/secure.gravatar.com\/avatar\/580395011f6a1ca0bf8ae70d71d5015878f64832766767a33c46af64643053a7?s=96&d=mm&r=g\",\"caption\":\"sph3r3\"},\"url\":\"https:\/\/sphere.swiss\/de\/author\/sph3r3\/\"}]}<\/script>\n<!-- \/ Yoast SEO plugin. -->","yoast_head_json":{"title":"Abl\u00f6sung - Sphere","description":"Als junger Partner von Forum Finance verk\u00f6rpert Alban Janssens de Bisthoven die Generation von Verm\u00f6gensverwaltern, welche eine neue Generation von Kunden bedienen wird. Eine wertvolle Verst\u00e4rkung f\u00fcr eine Gruppe, die in diesem Jahr ihr dreissigj\u00e4hriges Bestehen feiert und der Erneuerung ihrer F\u00fchrungskr\u00e4fte besondere Aufmerksamkeit schenkt.","robots":{"index":"index","follow":"follow","max-snippet":"max-snippet:-1","max-image-preview":"max-image-preview:large","max-video-preview":"max-video-preview:-1"},"canonical":"https:\/\/sphere.swiss\/de\/abloesung\/","og_locale":"de_DE","og_type":"article","og_title":"Abl\u00f6sung - Sphere","og_description":"Als junger Partner von Forum Finance verk\u00f6rpert Alban Janssens de Bisthoven die Generation von Verm\u00f6gensverwaltern, welche eine neue Generation von Kunden bedienen wird. Eine wertvolle Verst\u00e4rkung f\u00fcr eine Gruppe, die in diesem Jahr ihr dreissigj\u00e4hriges Bestehen feiert und der Erneuerung ihrer F\u00fchrungskr\u00e4fte besondere Aufmerksamkeit schenkt.","og_url":"https:\/\/sphere.swiss\/de\/abloesung\/","og_site_name":"Sphere","article_published_time":"2024-06-05T07:05:49+00:00","article_modified_time":"2024-06-05T09:02:42+00:00","og_image":[{"width":1250,"height":625,"url":"https:\/\/sphere.swiss\/wp-content\/uploads\/2024\/06\/alban-002.jpg","type":"image\/jpeg"}],"author":"sph3r3","twitter_card":"summary_large_image","twitter_misc":{"Verfasst von":"sph3r3","Gesch\u00e4tzte Lesezeit":"7\u00a0Minuten"},"schema":{"@context":"https:\/\/schema.org","@graph":[{"@type":"WebPage","@id":"https:\/\/sphere.swiss\/de\/abloesung\/","url":"https:\/\/sphere.swiss\/de\/abloesung\/","name":"Abl\u00f6sung - Sphere","isPartOf":{"@id":"https:\/\/sphere.swiss\/de\/#website"},"primaryImageOfPage":{"@id":"https:\/\/sphere.swiss\/de\/abloesung\/#primaryimage"},"image":{"@id":"https:\/\/sphere.swiss\/de\/abloesung\/#primaryimage"},"thumbnailUrl":"https:\/\/sphere.swiss\/wp-content\/uploads\/2024\/06\/alban-002.jpg","datePublished":"2024-06-05T07:05:49+00:00","dateModified":"2024-06-05T09:02:42+00:00","author":{"@id":"https:\/\/sphere.swiss\/de\/#\/schema\/person\/bd0c19ac051bb08ddf812db864e2ea78"},"description":"Als junger Partner von Forum Finance verk\u00f6rpert Alban Janssens de Bisthoven die Generation von Verm\u00f6gensverwaltern, welche eine neue Generation von Kunden bedienen wird. Eine wertvolle Verst\u00e4rkung f\u00fcr eine Gruppe, die in diesem Jahr ihr dreissigj\u00e4hriges Bestehen feiert und der Erneuerung ihrer F\u00fchrungskr\u00e4fte besondere Aufmerksamkeit schenkt.","breadcrumb":{"@id":"https:\/\/sphere.swiss\/de\/abloesung\/#breadcrumb"},"inLanguage":"de","potentialAction":[{"@type":"ReadAction","target":["https:\/\/sphere.swiss\/de\/abloesung\/"]}]},{"@type":"ImageObject","inLanguage":"de","@id":"https:\/\/sphere.swiss\/de\/abloesung\/#primaryimage","url":"https:\/\/sphere.swiss\/wp-content\/uploads\/2024\/06\/alban-002.jpg","contentUrl":"https:\/\/sphere.swiss\/wp-content\/uploads\/2024\/06\/alban-002.jpg","width":1250,"height":625},{"@type":"BreadcrumbList","@id":"https:\/\/sphere.swiss\/de\/abloesung\/#breadcrumb","itemListElement":[{"@type":"ListItem","position":1,"name":"Home","item":"https:\/\/sphere.swiss\/de\/"},{"@type":"ListItem","position":2,"name":"Abl\u00f6sung"}]},{"@type":"WebSite","@id":"https:\/\/sphere.swiss\/de\/#website","url":"https:\/\/sphere.swiss\/de\/","name":"Sphere","description":"The Swiss Financial Arena","alternateName":"Sphere Swiss","potentialAction":[{"@type":"SearchAction","target":{"@type":"EntryPoint","urlTemplate":"https:\/\/sphere.swiss\/de\/?s={search_term_string}"},"query-input":{"@type":"PropertyValueSpecification","valueRequired":true,"valueName":"search_term_string"}}],"inLanguage":"de"},{"@type":"Person","@id":"https:\/\/sphere.swiss\/de\/#\/schema\/person\/bd0c19ac051bb08ddf812db864e2ea78","name":"sph3r3","image":{"@type":"ImageObject","inLanguage":"de","@id":"https:\/\/sphere.swiss\/de\/#\/schema\/person\/image\/","url":"https:\/\/secure.gravatar.com\/avatar\/580395011f6a1ca0bf8ae70d71d5015878f64832766767a33c46af64643053a7?s=96&d=mm&r=g","contentUrl":"https:\/\/secure.gravatar.com\/avatar\/580395011f6a1ca0bf8ae70d71d5015878f64832766767a33c46af64643053a7?s=96&d=mm&r=g","caption":"sph3r3"},"url":"https:\/\/sphere.swiss\/de\/author\/sph3r3\/"}]}},"_links":{"self":[{"href":"https:\/\/sphere.swiss\/de\/wp-json\/wp\/v2\/posts\/12401","targetHints":{"allow":["GET"]}}],"collection":[{"href":"https:\/\/sphere.swiss\/de\/wp-json\/wp\/v2\/posts"}],"about":[{"href":"https:\/\/sphere.swiss\/de\/wp-json\/wp\/v2\/types\/post"}],"author":[{"embeddable":true,"href":"https:\/\/sphere.swiss\/de\/wp-json\/wp\/v2\/users\/2"}],"replies":[{"embeddable":true,"href":"https:\/\/sphere.swiss\/de\/wp-json\/wp\/v2\/comments?post=12401"}],"version-history":[{"count":7,"href":"https:\/\/sphere.swiss\/de\/wp-json\/wp\/v2\/posts\/12401\/revisions"}],"predecessor-version":[{"id":12415,"href":"https:\/\/sphere.swiss\/de\/wp-json\/wp\/v2\/posts\/12401\/revisions\/12415"}],"wp:featuredmedia":[{"embeddable":true,"href":"https:\/\/sphere.swiss\/de\/wp-json\/wp\/v2\/media\/12405"}],"wp:attachment":[{"href":"https:\/\/sphere.swiss\/de\/wp-json\/wp\/v2\/media?parent=12401"}],"wp:term":[{"taxonomy":"category","embeddable":true,"href":"https:\/\/sphere.swiss\/de\/wp-json\/wp\/v2\/categories?post=12401"},{"taxonomy":"post_tag","embeddable":true,"href":"https:\/\/sphere.swiss\/de\/wp-json\/wp\/v2\/tags?post=12401"}],"curies":[{"name":"wp","href":"https:\/\/api.w.org\/{rel}","templated":true}]}}