{"id":12508,"date":"2024-06-11T20:23:12","date_gmt":"2024-06-11T18:23:12","guid":{"rendered":"https:\/\/sphere.swiss\/?p=12508"},"modified":"2024-06-13T07:45:07","modified_gmt":"2024-06-13T05:45:07","slug":"plattform-2","status":"publish","type":"post","link":"https:\/\/sphere.swiss\/de\/plattform-2\/","title":{"rendered":"Plattform"},"content":{"rendered":"<p>[et_pb_section fb_built=&#8220;1&#8243; _builder_version=&#8220;4.19.4&#8243; _module_preset=&#8220;default&#8220; custom_padding=&#8220;1px|||||&#8220; global_colors_info=&#8220;{}&#8220;][et_pb_row disabled_on=&#8220;off|off|off&#8220; _builder_version=&#8220;4.24.2&#8243; _module_preset=&#8220;default&#8220; width=&#8220;100%&#8220; max_width=&#8220;903px&#8220; custom_margin=&#8220;-16px|auto||auto|false|false&#8220; custom_padding=&#8220;1px||0px|||&#8220; disabled=&#8220;on&#8220; saved_tabs=&#8220;all&#8220; global_colors_info=&#8220;{}&#8220;][et_pb_column type=&#8220;4_4&#8243; _builder_version=&#8220;4.24.2&#8243; _module_preset=&#8220;default&#8220; global_colors_info=&#8220;{}&#8220;][dnxte_logo_carousel_parent dnxt_carousel_autoplay_delay=&#8220;2300&#8243; dnxt_carousel_loop=&#8220;on&#8220; dnxt_carousel_centered_slides=&#8220;on&#8220; dnxt_carousel_speed=&#8220;4000&#8243; dnxt_carousel_spacebetween=&#8220;500&#8243; dnxt_carousel_breakpoint_desktop=&#8220;1&#8243; disabled_on=&#8220;off|off|off&#8220; _builder_version=&#8220;4.24.2&#8243; _module_preset=&#8220;default&#8220; global_colors_info=&#8220;{}&#8220;][dnxte_logo_carousel_child logo_carousel_image=&#8220;https:\/\/sphere.swiss\/wp-content\/uploads\/2024\/02\/CATFP_SPHERE_banner_AMC_1080x260px.jpg&#8220; logo_carousel_alt=&#8220;CAT&#8220; _builder_version=&#8220;4.24.2&#8243; _module_preset=&#8220;default&#8220; link_option_url=&#8220;https:\/\/catfp.ch\/fr&#8220; global_colors_info=&#8220;{}&#8220;][\/dnxte_logo_carousel_child][dnxte_logo_carousel_child logo_carousel_image=&#8220;https:\/\/sphere.swiss\/wp-content\/uploads\/2024\/02\/3.8305_banner_website_borsentag_1080x260px_20240212_01.gif&#8220; logo_carousel_alt=&#8220;DWS&#8220; _builder_version=&#8220;4.24.1&#8243; _module_preset=&#8220;default&#8220; link_option_url=&#8220;https:\/\/etf.dws.com\/en-ch\/&#8220; global_colors_info=&#8220;{}&#8220;][\/dnxte_logo_carousel_child][dnxte_logo_carousel_child logo_carousel_image=&#8220;https:\/\/sphere.swiss\/wp-content\/uploads\/2024\/02\/banniere-website.png&#8220; logo_carousel_alt=&#8220;Keesystem&#8220; _builder_version=&#8220;4.24.1&#8243; _module_preset=&#8220;default&#8220; link_option_url=&#8220;https:\/\/www.keesystem.com\/fr\/&#8220; global_colors_info=&#8220;{}&#8220;][\/dnxte_logo_carousel_child][dnxte_logo_carousel_child logo_carousel_image=&#8220;https:\/\/sphere.swiss\/wp-content\/uploads\/2024\/02\/Banner-French.png&#8220; logo_carousel_alt=&#8220;Penta&#8220; _builder_version=&#8220;4.24.1&#8243; _module_preset=&#8220;default&#8220; link_option_url=&#8220;https:\/\/penta.ch\/fr\/&#8220; global_colors_info=&#8220;{}&#8220;][\/dnxte_logo_carousel_child][dnxte_logo_carousel_child logo_carousel_image=&#8220;https:\/\/sphere.swiss\/wp-content\/uploads\/2024\/02\/24_SQ_Digital-Solution-Week_Banner_1080x260px2.png&#8220; logo_carousel_alt=&#8220;Swissquote&#8220; _builder_version=&#8220;4.24.1&#8243; _module_preset=&#8220;default&#8220; link_option_url=&#8220;https:\/\/www.swissquote.com\/en\/institutional\/clients\/asset-managers?utm_source=sphere&#038;utm_campaign=digital-solutions-week_sqba_trade_tradeshow_awareness_trade&#038;utm_medium=banner&#8220; global_colors_info=&#8220;{}&#8220;][\/dnxte_logo_carousel_child][dnxte_logo_carousel_child logo_carousel_image=&#8220;https:\/\/sphere.swiss\/wp-content\/uploads\/2024\/02\/42278_GFIM-Banner_1080x260_2024_FR.jpg&#8220; logo_carousel_alt=&#8220;UBS&#8220; _builder_version=&#8220;4.24.2&#8243; _module_preset=&#8220;default&#8220; link_option_url=&#8220;https:\/\/www.ubs.com\/global\/fr\/wealth-management\/financial-intermediaries.html&#8220; global_colors_info=&#8220;{}&#8220;][\/dnxte_logo_carousel_child][\/dnxte_logo_carousel_parent][\/et_pb_column][\/et_pb_row][et_pb_row column_structure=&#8220;2_3,1_3&#8243; _builder_version=&#8220;4.20.2&#8243; _module_preset=&#8220;default&#8220; global_colors_info=&#8220;{}&#8220;][et_pb_column type=&#8220;2_3&#8243; _builder_version=&#8220;4.19.4&#8243; _module_preset=&#8220;default&#8220; global_colors_info=&#8220;{}&#8220;][et_pb_text _builder_version=&#8220;4.23.1&#8243; _module_preset=&#8220;default&#8220; header_font_size=&#8220;33px&#8220; header_line_height=&#8220;1.2em&#8220; header_3_font=&#8220;|300|||||||&#8220; header_3_text_align=&#8220;justify&#8220; header_3_font_size=&#8220;17px&#8220; global_colors_info=&#8220;{}&#8220;]<\/p>\n<h1><strong>EAM-L\u00f6sungen<\/strong><\/h1>\n<p>[\/et_pb_text][et_pb_text _builder_version=&#8220;4.25.1&#8243; _module_preset=&#8220;default&#8220; header_font_size=&#8220;33px&#8220; header_line_height=&#8220;1.2em&#8220; header_3_font=&#8220;|300|||||||&#8220; header_3_text_align=&#8220;justify&#8220; header_3_font_size=&#8220;17px&#8220; hover_enabled=&#8220;0&#8243; global_colors_info=&#8220;{}&#8220; sticky_enabled=&#8220;0&#8243;]<\/p>\n<ul>\n<li><strong>Interview mit Carine Frick-Delaloye<\/strong><\/li>\n<li><strong>Head Corporate &amp; Business Development, Aquila<\/strong><\/li>\n<li><strong>Head Aquila Bank<\/strong><\/li>\n<\/ul>\n<h2><strong>\u00abDie Bereitschaft, bestimmte Funktionen zu delegieren, wird immer deutlicher sp\u00fcrbar\u00bb<\/strong><\/h2>\n<p>Carine Frick-Delaloye, die ehemalige Leiterin des Bereichs EAM Core bei der Credit Suisse, ist seit diesem Jahr Mitglied der Gesch\u00e4ftsleitung von Aquila. Sie ist f\u00fcr die Entwicklung der Plattform zust\u00e4ndig und wurde zudem auch mit der Leitung der Depotbank betraut. Ihre wichtigsten Anliegen sind wettbewerbsf\u00e4higere Dienstleistungen und eine angemessenere Betreuung der externen Verm\u00f6gensverwalter.<\/p>\n<p>[\/et_pb_text][dnxte_minimal_image_hover image=&#8220;https:\/\/sphere.swiss\/wp-content\/uploads\/2024\/06\/Carine_inPixio.jpg&#8220; dnxtmih_image_hover_effect=&#8220;effect9&#8243; _builder_version=&#8220;4.25.1&#8243; _module_preset=&#8220;default&#8220; module_alignment=&#8220;center&#8220; global_colors_info=&#8220;{}&#8220;][\/dnxte_minimal_image_hover][et_pb_text _builder_version=&#8220;4.25.1&#8243; _module_preset=&#8220;default&#8220; text_font=&#8220;|300|||||||&#8220; text_font_size=&#8220;17px&#8220; text_line_height=&#8220;1.9em&#8220; header_font=&#8220;|600|||||||&#8220; header_2_font=&#8220;|600|||||||&#8220; header_2_text_align=&#8220;left&#8220; header_2_font_size=&#8220;31px&#8220; text_orientation=&#8220;justified&#8220; hover_enabled=&#8220;0&#8243; global_colors_info=&#8220;{}&#8220; sticky_enabled=&#8220;0&#8243;]<\/p>\n<p><strong>Wie wird sich Ihrer Meinung nach der Beruf des Verm\u00f6gensverwalters angesichts der neuen Vorschriften, der prudenziellen Aufsicht und der Digitalisierung ver\u00e4ndern, was das Angebot und die Arbeitsabl\u00e4ufe anbelangt?<\/strong><\/p>\n<p>Der Markt f\u00fcr externe Verm\u00f6gensverwalter wird sich vor allem aufgrund der steigenden Kosten und der zunehmenden Regulierung in den n\u00e4chsten Jahren weiter konsolidieren. In Zukunft werden kleine Unternehmen mit ein oder zwei Mitarbeitern kaum noch profitabel bleiben k\u00f6nnen. Um sich eine gr\u00f6ssere Kunden- und Ertragsbasis aufbauen zu k\u00f6nnen, bestehen neu gegr\u00fcndete Unternehmen derzeit in der Regel aus drei bis f\u00fcnf Personen. Dar\u00fcber hinaus wird immer deutlicher, dass die Unternehmen bestrebt sind, sich auf die Kundenbetreuung zu konzentrieren und bestimmte Funktionen zu delegieren.<\/p>\n<p>Ausserdem sind die Verm\u00f6gensverwalter mit einem Generationenwechsel bei ihren Kunden konfrontiert. Neben der Gew\u00e4hrleistung der Kontinuit\u00e4t des Kundenstamms m\u00fcssen sie auch auf neue Erwartungen eingehen und beispielsweise auf mehr Transparenz bei Preisen und Dienstleistungen achten. Kundenn\u00e4he und gute Leistungen reichen als Alleinstellungsmerkmal f\u00fcr die NextGen nicht mehr aus. Der Verm\u00f6gensverwalter muss daher sein Angebot erweitern, wenn er attraktiv bleiben will.<\/p>\n<p><strong>Was ist der Kern des Vorschlags, den Sie heute unabh\u00e4ngigen Verm\u00f6gensverwaltern machen, die sich Ihnen anschliessen k\u00f6nnten?<\/strong><\/p>\n<p>Im Gegensatz zu anderen Anbietern bietet Aquila externen Verm\u00f6gensverwaltern eine Komplettl\u00f6sung aus einer Hand an. Dabei beschr\u00e4nken wir uns nicht nur auf verschiedene Outsourcing-Optionen, sondern wir sind in erster Linie \u00abTeampartner\u00bb der unabh\u00e4ngigen Verm\u00f6gensverwalter. Wir beraten sie in jeder Phase der Entwicklung ihres Unternehmens, von der Gr\u00fcndung bis zur Nachfolge. Erg\u00e4nzt wird dies durch eine breite Palette an Dienstleistungen, die verschiedene Bereiche, von Rechtsfragen \u00fcber die Treuhandverwaltung, IT, Personalwesen und Verwaltung bis hin zur Unternehmensf\u00fchrung, abdecken.<\/p>\n<p>Die Verm\u00f6gensverwalter haben auch die M\u00f6glichkeit, Konten f\u00fcr ihre Kunden bei unserer eigenen Depotbank f\u00fcr Schweizer UVV, der 2012 gegr\u00fcndeten Aquila Bank, zu er\u00f6ffnen, unabh\u00e4ngig davon, ob sie Aquila angeschlossen sind oder nicht. Unser Investment &amp; Wealth Management-Team unterst\u00fctzt die Verm\u00f6gensverwalter bei allen Aspekten von Finanzanlagen. Die Dienstleistungen k\u00f6nnen Beratung, Marktanalysen oder konsolidierte Risiko- und Performanceberichte umfassen.<\/p>\n<p><strong>Auf welche Wachstumstreiber f\u00fcr Aquila werden Sie in den n\u00e4chsten Jahren setzen?<\/strong><\/p>\n<p>Viele Verm\u00f6gensverwalter befinden sich in einer Phase des Umbruchs, in der sich die Frage nach ihrer eigenen Nachfolge stellt. Diese Entwicklung beobachten wir \u00fcbrigens auch bei Aquila selbst und widmen ihr immer mehr Zeit. Meiner Meinung nach gibt es auf dem gesamten Schweizer Markt sehr viel Potenzial. Das ist aber ein Thema, das nicht immer einfach anzusprechen und zu behandeln ist. Es erfordert Taktgef\u00fchl und Erfahrung. Angesichts der Gr\u00f6sse unseres Netzwerks, das heute 90 Partner umfasst, haben wir uns jedoch im Laufe der Jahre ein beachtliches Fachwissen angeeignet.<\/p>\n<p>Ein weiterer Wachstumstreiber sind aus unserer Sicht die neuen unabh\u00e4ngigen Verm\u00f6gensverwalter, denn sie haben angesichts des branchenweiten Kostenanstiegs Interesse an einer Service-Plattform wie unserer. Ob Rechtsangelegenheiten, Cybersicherheit, IT, Revision oder Digitalisierung: Der Anstieg betrifft s\u00e4mtliche Bereiche und erfordert immer h\u00f6here Budgets. Deswegen macht eine Plattform wie die von Aquila Sinn. Sie erm\u00f6glicht es, Kosten aufzuteilen und sich gleichzeitig allm\u00e4hlich an die neuen Standards anzupassen, die in der Branche gelten. Die Verwalter erhalten also Komplettservice aus einer Hand zu einem Preis, der sich an den Marktentwicklungen orientiert. Dies erleichtert es ihnen, sich auf die Kundenbetreuung zu konzentrieren.<\/p>\n<p><strong>Welche Pl\u00e4ne verfolgen Sie f\u00fcr Aquila auf einem Markt, auf dem Sie weniger pr\u00e4sent sind, n\u00e4mlich in der Westschweiz?<\/strong><\/p>\n<p>Wir haben zwar bereits mehrere Partner in Genf und Lausanne, aber Aquila ist in der Romandie in der Tat weniger sichtbar. Meines Erachtens unterscheiden sich die Bed\u00fcrfnisse der unabh\u00e4ngigen Verm\u00f6gensverwalter in der Westschweiz jedoch kaum von denen ihrer Kollegen im Tessin oder in der Deutschschweiz. Als Romande bin ich mir sicher, dass das Modell von Aquila auch jenseits des R\u00f6stigrabens sehr gut funktionieren kann. Ich freue mich daher darauf, Aquila in den n\u00e4chsten Jahren in der Westschweiz weiter voranzubringen. Dies sind Vorhaben, die mir pers\u00f6nlich sehr am Herzen liegen.<\/p>\n<p><strong>Carine Frick-Delaloye<\/strong><\/p>\n<p><strong>Aquila<\/strong><\/p>\n<p>Carine Frick-Delaloye begann ihre berufliche Laufbahn bei der Credit Suisse im Jahr 1995. Ab Juni 2008 hatte sie verschiedene F\u00fchrungspositionen in den Divisionen Retail und Private Banking inne. Im Jahr 2013 \u00fcbernahm sie die Leitung des Bereichs Personal &amp; Business Banking f\u00fcr das Marktgebiet Rhein in Z\u00fcrich, bevor sie ins Wealth Management wechselte, wo sie zur Leiterin der Market Area EAM Core ernannt wurde. Carine Frick-Delaloye hat u.a. ein DAS in Banking vom Swiss Finance Institute &#8211; Universit\u00e4t Bern und einen CAS Digital Banking von der Kalaidos University of Applied Sciences in Z\u00fcrich.<\/p>\n<p>[\/et_pb_text][\/et_pb_column][et_pb_column type=&#8220;1_3&#8243; _builder_version=&#8220;4.19.4&#8243; _module_preset=&#8220;default&#8220; global_colors_info=&#8220;{}&#8220;][et_pb_blog_extras use_category_filterable_blog=&#8220;on&#8220; show_all_posts_link=&#8220;on&#8220; posts_number=&#8220;3&#8243; include_categories=&#8220;5&#8243; blog_layout=&#8220;block_extended&#8220; show_author=&#8220;off&#8220; category_meta_colors=&#8220;on&#8220; show_comments=&#8220;off&#8220; show_read_time=&#8220;on&#8220; _builder_version=&#8220;4.20.0&#8243; _module_preset=&#8220;default&#8220; header_font=&#8220;|600|||||||&#8220; header_font_size=&#8220;20px&#8220; body_font=&#8220;|300|||||||&#8220; body_text_align=&#8220;left&#8220; global_colors_info=&#8220;{}&#8220;][\/et_pb_blog_extras][\/et_pb_column][\/et_pb_row][et_pb_row _builder_version=&#8220;4.20.0&#8243; _module_preset=&#8220;default&#8220; saved_tabs=&#8220;all&#8220; global_colors_info=&#8220;{}&#8220;][et_pb_column type=&#8220;4_4&#8243; _builder_version=&#8220;4.20.0&#8243; _module_preset=&#8220;default&#8220; global_colors_info=&#8220;{}&#8220;][et_pb_blog_extras posts_number=&#8220;3&#8243; include_categories=&#8220;5,6,8,7&#8243; blog_layout=&#8220;block_extended&#8220; show_author=&#8220;off&#8220; category_meta_colors=&#8220;on&#8220; show_comments=&#8220;off&#8220; show_read_time=&#8220;on&#8220; _builder_version=&#8220;4.20.2&#8243; _module_preset=&#8220;default&#8220; header_font=&#8220;|600|||||||&#8220; header_font_size=&#8220;20px&#8220; body_font=&#8220;|300|||||||&#8220; body_text_align=&#8220;left&#8220; global_colors_info=&#8220;{}&#8220;][\/et_pb_blog_extras][\/et_pb_column][\/et_pb_row][\/et_pb_section][et_pb_section fb_built=&#8220;1&#8243; _builder_version=&#8220;4.19.5&#8243; _module_preset=&#8220;default&#8220; saved_tabs=&#8220;all&#8220; global_colors_info=&#8220;{}&#8220;][\/et_pb_section]<\/p>\n","protected":false},"excerpt":{"rendered":"<p>Carine Frick-Delaloye<br \/>\nAquila<br \/>\n\u00abDie Bereitschaft zum delegieren wird immer deutlicher sp\u00fcrbar\u00bb<\/p>\n","protected":false},"author":2,"featured_media":12514,"comment_status":"closed","ping_status":"closed","sticky":false,"template":"","format":"standard","meta":{"_et_pb_use_builder":"on","_et_pb_old_content":"","_et_gb_content_width":"","_mo_disable_npp":"","footnotes":""},"categories":[5],"tags":[1200,1201,305,331,353],"class_list":["post-12508","post","type-post","status-publish","format-standard","has-post-thumbnail","hentry","category-solutions-eam","tag-aquila-de","tag-carine-frick-delaloye-de","tag-gestion-de-fortune-de","tag-gfi-de","tag-solutions-eam-de"],"yoast_head":"<!-- This site is optimized with the Yoast SEO plugin v25.3.1 - https:\/\/yoast.com\/wordpress\/plugins\/seo\/ -->\n<title>Plattform - Sphere<\/title>\n<meta name=\"description\" content=\"Carine Frick-Delaloye, die ehemalige Leiterin des Bereichs EAM Core bei der Credit Suisse, ist seit diesem Jahr Mitglied der Gesch\u00e4ftsleitung von Aquila. Sie war f\u00fcr die Entwicklung der Plattform zust\u00e4ndig und wurde auch mit der Leitung der Depotbank betraut. Ihre wichtigsten Anliegen sind wettbewerbsf\u00e4higere Dienstleistungen und eine angemessenere Betreuung der externen Verm\u00f6gensverwalter.\" \/>\n<meta name=\"robots\" content=\"index, follow, max-snippet:-1, max-image-preview:large, max-video-preview:-1\" \/>\n<link rel=\"canonical\" href=\"https:\/\/sphere.swiss\/de\/plattform-2\/\" \/>\n<meta property=\"og:locale\" content=\"de_DE\" \/>\n<meta property=\"og:type\" content=\"article\" \/>\n<meta property=\"og:title\" content=\"Plattform - Sphere\" \/>\n<meta property=\"og:description\" content=\"Carine Frick-Delaloye, die ehemalige Leiterin des Bereichs EAM Core bei der Credit Suisse, ist seit diesem Jahr Mitglied der Gesch\u00e4ftsleitung von Aquila. Sie war f\u00fcr die Entwicklung der Plattform zust\u00e4ndig und wurde auch mit der Leitung der Depotbank betraut. Ihre wichtigsten Anliegen sind wettbewerbsf\u00e4higere Dienstleistungen und eine angemessenere Betreuung der externen Verm\u00f6gensverwalter.\" \/>\n<meta property=\"og:url\" content=\"https:\/\/sphere.swiss\/de\/plattform-2\/\" \/>\n<meta property=\"og:site_name\" content=\"Sphere\" \/>\n<meta property=\"article:published_time\" content=\"2024-06-11T18:23:12+00:00\" \/>\n<meta property=\"article:modified_time\" content=\"2024-06-13T05:45:07+00:00\" \/>\n<meta property=\"og:image\" content=\"https:\/\/sphere.swiss\/wp-content\/uploads\/2024\/06\/Carine_inPixio.jpg\" \/>\n\t<meta property=\"og:image:width\" content=\"1250\" \/>\n\t<meta property=\"og:image:height\" content=\"625\" \/>\n\t<meta property=\"og:image:type\" content=\"image\/jpeg\" \/>\n<meta name=\"author\" content=\"sph3r3\" \/>\n<meta name=\"twitter:card\" content=\"summary_large_image\" \/>\n<meta name=\"twitter:label1\" content=\"Verfasst von\" \/>\n\t<meta name=\"twitter:data1\" content=\"sph3r3\" \/>\n\t<meta name=\"twitter:label2\" content=\"Gesch\u00e4tzte Lesezeit\" \/>\n\t<meta name=\"twitter:data2\" content=\"7\u00a0Minuten\" \/>\n<script type=\"application\/ld+json\" class=\"yoast-schema-graph\">{\"@context\":\"https:\/\/schema.org\",\"@graph\":[{\"@type\":\"WebPage\",\"@id\":\"https:\/\/sphere.swiss\/de\/plattform-2\/\",\"url\":\"https:\/\/sphere.swiss\/de\/plattform-2\/\",\"name\":\"Plattform - Sphere\",\"isPartOf\":{\"@id\":\"https:\/\/sphere.swiss\/de\/#website\"},\"primaryImageOfPage\":{\"@id\":\"https:\/\/sphere.swiss\/de\/plattform-2\/#primaryimage\"},\"image\":{\"@id\":\"https:\/\/sphere.swiss\/de\/plattform-2\/#primaryimage\"},\"thumbnailUrl\":\"https:\/\/sphere.swiss\/wp-content\/uploads\/2024\/06\/Carine_inPixio.jpg\",\"datePublished\":\"2024-06-11T18:23:12+00:00\",\"dateModified\":\"2024-06-13T05:45:07+00:00\",\"author\":{\"@id\":\"https:\/\/sphere.swiss\/de\/#\/schema\/person\/bd0c19ac051bb08ddf812db864e2ea78\"},\"description\":\"Carine Frick-Delaloye, die ehemalige Leiterin des Bereichs EAM Core bei der Credit Suisse, ist seit diesem Jahr Mitglied der Gesch\u00e4ftsleitung von Aquila. Sie war f\u00fcr die Entwicklung der Plattform zust\u00e4ndig und wurde auch mit der Leitung der Depotbank betraut. Ihre wichtigsten Anliegen sind wettbewerbsf\u00e4higere Dienstleistungen und eine angemessenere Betreuung der externen Verm\u00f6gensverwalter.\",\"breadcrumb\":{\"@id\":\"https:\/\/sphere.swiss\/de\/plattform-2\/#breadcrumb\"},\"inLanguage\":\"de\",\"potentialAction\":[{\"@type\":\"ReadAction\",\"target\":[\"https:\/\/sphere.swiss\/de\/plattform-2\/\"]}]},{\"@type\":\"ImageObject\",\"inLanguage\":\"de\",\"@id\":\"https:\/\/sphere.swiss\/de\/plattform-2\/#primaryimage\",\"url\":\"https:\/\/sphere.swiss\/wp-content\/uploads\/2024\/06\/Carine_inPixio.jpg\",\"contentUrl\":\"https:\/\/sphere.swiss\/wp-content\/uploads\/2024\/06\/Carine_inPixio.jpg\",\"width\":1250,\"height\":625},{\"@type\":\"BreadcrumbList\",\"@id\":\"https:\/\/sphere.swiss\/de\/plattform-2\/#breadcrumb\",\"itemListElement\":[{\"@type\":\"ListItem\",\"position\":1,\"name\":\"Home\",\"item\":\"https:\/\/sphere.swiss\/de\/\"},{\"@type\":\"ListItem\",\"position\":2,\"name\":\"Plattform\"}]},{\"@type\":\"WebSite\",\"@id\":\"https:\/\/sphere.swiss\/de\/#website\",\"url\":\"https:\/\/sphere.swiss\/de\/\",\"name\":\"Sphere\",\"description\":\"The Swiss Financial Arena\",\"alternateName\":\"Sphere Swiss\",\"potentialAction\":[{\"@type\":\"SearchAction\",\"target\":{\"@type\":\"EntryPoint\",\"urlTemplate\":\"https:\/\/sphere.swiss\/de\/?s={search_term_string}\"},\"query-input\":{\"@type\":\"PropertyValueSpecification\",\"valueRequired\":true,\"valueName\":\"search_term_string\"}}],\"inLanguage\":\"de\"},{\"@type\":\"Person\",\"@id\":\"https:\/\/sphere.swiss\/de\/#\/schema\/person\/bd0c19ac051bb08ddf812db864e2ea78\",\"name\":\"sph3r3\",\"image\":{\"@type\":\"ImageObject\",\"inLanguage\":\"de\",\"@id\":\"https:\/\/sphere.swiss\/de\/#\/schema\/person\/image\/\",\"url\":\"https:\/\/secure.gravatar.com\/avatar\/580395011f6a1ca0bf8ae70d71d5015878f64832766767a33c46af64643053a7?s=96&d=mm&r=g\",\"contentUrl\":\"https:\/\/secure.gravatar.com\/avatar\/580395011f6a1ca0bf8ae70d71d5015878f64832766767a33c46af64643053a7?s=96&d=mm&r=g\",\"caption\":\"sph3r3\"},\"url\":\"https:\/\/sphere.swiss\/de\/author\/sph3r3\/\"}]}<\/script>\n<!-- \/ Yoast SEO plugin. -->","yoast_head_json":{"title":"Plattform - Sphere","description":"Carine Frick-Delaloye, die ehemalige Leiterin des Bereichs EAM Core bei der Credit Suisse, ist seit diesem Jahr Mitglied der Gesch\u00e4ftsleitung von Aquila. Sie war f\u00fcr die Entwicklung der Plattform zust\u00e4ndig und wurde auch mit der Leitung der Depotbank betraut. Ihre wichtigsten Anliegen sind wettbewerbsf\u00e4higere Dienstleistungen und eine angemessenere Betreuung der externen Verm\u00f6gensverwalter.","robots":{"index":"index","follow":"follow","max-snippet":"max-snippet:-1","max-image-preview":"max-image-preview:large","max-video-preview":"max-video-preview:-1"},"canonical":"https:\/\/sphere.swiss\/de\/plattform-2\/","og_locale":"de_DE","og_type":"article","og_title":"Plattform - Sphere","og_description":"Carine Frick-Delaloye, die ehemalige Leiterin des Bereichs EAM Core bei der Credit Suisse, ist seit diesem Jahr Mitglied der Gesch\u00e4ftsleitung von Aquila. Sie war f\u00fcr die Entwicklung der Plattform zust\u00e4ndig und wurde auch mit der Leitung der Depotbank betraut. Ihre wichtigsten Anliegen sind wettbewerbsf\u00e4higere Dienstleistungen und eine angemessenere Betreuung der externen Verm\u00f6gensverwalter.","og_url":"https:\/\/sphere.swiss\/de\/plattform-2\/","og_site_name":"Sphere","article_published_time":"2024-06-11T18:23:12+00:00","article_modified_time":"2024-06-13T05:45:07+00:00","og_image":[{"width":1250,"height":625,"url":"https:\/\/sphere.swiss\/wp-content\/uploads\/2024\/06\/Carine_inPixio.jpg","type":"image\/jpeg"}],"author":"sph3r3","twitter_card":"summary_large_image","twitter_misc":{"Verfasst von":"sph3r3","Gesch\u00e4tzte Lesezeit":"7\u00a0Minuten"},"schema":{"@context":"https:\/\/schema.org","@graph":[{"@type":"WebPage","@id":"https:\/\/sphere.swiss\/de\/plattform-2\/","url":"https:\/\/sphere.swiss\/de\/plattform-2\/","name":"Plattform - Sphere","isPartOf":{"@id":"https:\/\/sphere.swiss\/de\/#website"},"primaryImageOfPage":{"@id":"https:\/\/sphere.swiss\/de\/plattform-2\/#primaryimage"},"image":{"@id":"https:\/\/sphere.swiss\/de\/plattform-2\/#primaryimage"},"thumbnailUrl":"https:\/\/sphere.swiss\/wp-content\/uploads\/2024\/06\/Carine_inPixio.jpg","datePublished":"2024-06-11T18:23:12+00:00","dateModified":"2024-06-13T05:45:07+00:00","author":{"@id":"https:\/\/sphere.swiss\/de\/#\/schema\/person\/bd0c19ac051bb08ddf812db864e2ea78"},"description":"Carine Frick-Delaloye, die ehemalige Leiterin des Bereichs EAM Core bei der Credit Suisse, ist seit diesem Jahr Mitglied der Gesch\u00e4ftsleitung von Aquila. Sie war f\u00fcr die Entwicklung der Plattform zust\u00e4ndig und wurde auch mit der Leitung der Depotbank betraut. Ihre wichtigsten Anliegen sind wettbewerbsf\u00e4higere Dienstleistungen und eine angemessenere Betreuung der externen Verm\u00f6gensverwalter.","breadcrumb":{"@id":"https:\/\/sphere.swiss\/de\/plattform-2\/#breadcrumb"},"inLanguage":"de","potentialAction":[{"@type":"ReadAction","target":["https:\/\/sphere.swiss\/de\/plattform-2\/"]}]},{"@type":"ImageObject","inLanguage":"de","@id":"https:\/\/sphere.swiss\/de\/plattform-2\/#primaryimage","url":"https:\/\/sphere.swiss\/wp-content\/uploads\/2024\/06\/Carine_inPixio.jpg","contentUrl":"https:\/\/sphere.swiss\/wp-content\/uploads\/2024\/06\/Carine_inPixio.jpg","width":1250,"height":625},{"@type":"BreadcrumbList","@id":"https:\/\/sphere.swiss\/de\/plattform-2\/#breadcrumb","itemListElement":[{"@type":"ListItem","position":1,"name":"Home","item":"https:\/\/sphere.swiss\/de\/"},{"@type":"ListItem","position":2,"name":"Plattform"}]},{"@type":"WebSite","@id":"https:\/\/sphere.swiss\/de\/#website","url":"https:\/\/sphere.swiss\/de\/","name":"Sphere","description":"The Swiss Financial Arena","alternateName":"Sphere Swiss","potentialAction":[{"@type":"SearchAction","target":{"@type":"EntryPoint","urlTemplate":"https:\/\/sphere.swiss\/de\/?s={search_term_string}"},"query-input":{"@type":"PropertyValueSpecification","valueRequired":true,"valueName":"search_term_string"}}],"inLanguage":"de"},{"@type":"Person","@id":"https:\/\/sphere.swiss\/de\/#\/schema\/person\/bd0c19ac051bb08ddf812db864e2ea78","name":"sph3r3","image":{"@type":"ImageObject","inLanguage":"de","@id":"https:\/\/sphere.swiss\/de\/#\/schema\/person\/image\/","url":"https:\/\/secure.gravatar.com\/avatar\/580395011f6a1ca0bf8ae70d71d5015878f64832766767a33c46af64643053a7?s=96&d=mm&r=g","contentUrl":"https:\/\/secure.gravatar.com\/avatar\/580395011f6a1ca0bf8ae70d71d5015878f64832766767a33c46af64643053a7?s=96&d=mm&r=g","caption":"sph3r3"},"url":"https:\/\/sphere.swiss\/de\/author\/sph3r3\/"}]}},"_links":{"self":[{"href":"https:\/\/sphere.swiss\/de\/wp-json\/wp\/v2\/posts\/12508","targetHints":{"allow":["GET"]}}],"collection":[{"href":"https:\/\/sphere.swiss\/de\/wp-json\/wp\/v2\/posts"}],"about":[{"href":"https:\/\/sphere.swiss\/de\/wp-json\/wp\/v2\/types\/post"}],"author":[{"embeddable":true,"href":"https:\/\/sphere.swiss\/de\/wp-json\/wp\/v2\/users\/2"}],"replies":[{"embeddable":true,"href":"https:\/\/sphere.swiss\/de\/wp-json\/wp\/v2\/comments?post=12508"}],"version-history":[{"count":10,"href":"https:\/\/sphere.swiss\/de\/wp-json\/wp\/v2\/posts\/12508\/revisions"}],"predecessor-version":[{"id":12564,"href":"https:\/\/sphere.swiss\/de\/wp-json\/wp\/v2\/posts\/12508\/revisions\/12564"}],"wp:featuredmedia":[{"embeddable":true,"href":"https:\/\/sphere.swiss\/de\/wp-json\/wp\/v2\/media\/12514"}],"wp:attachment":[{"href":"https:\/\/sphere.swiss\/de\/wp-json\/wp\/v2\/media?parent=12508"}],"wp:term":[{"taxonomy":"category","embeddable":true,"href":"https:\/\/sphere.swiss\/de\/wp-json\/wp\/v2\/categories?post=12508"},{"taxonomy":"post_tag","embeddable":true,"href":"https:\/\/sphere.swiss\/de\/wp-json\/wp\/v2\/tags?post=12508"}],"curies":[{"name":"wp","href":"https:\/\/api.w.org\/{rel}","templated":true}]}}