{"id":15223,"date":"2024-11-13T15:30:55","date_gmt":"2024-11-13T14:30:55","guid":{"rendered":"https:\/\/sphere.swiss\/?p=15223"},"modified":"2024-11-15T07:55:06","modified_gmt":"2024-11-15T06:55:06","slug":"alain-gallati","status":"publish","type":"post","link":"https:\/\/sphere.swiss\/de\/alain-gallati\/","title":{"rendered":"Allokation"},"content":{"rendered":"<p>[et_pb_section fb_built=&#8220;1&#8243; _builder_version=&#8220;4.19.4&#8243; _module_preset=&#8220;default&#8220; custom_padding=&#8220;1px|||||&#8220; global_colors_info=&#8220;{}&#8220;][et_pb_row disabled_on=&#8220;off|off|off&#8220; _builder_version=&#8220;4.24.2&#8243; _module_preset=&#8220;default&#8220; width=&#8220;100%&#8220; max_width=&#8220;903px&#8220; custom_margin=&#8220;-16px|auto||auto|false|false&#8220; custom_padding=&#8220;1px||0px|||&#8220; disabled=&#8220;on&#8220; saved_tabs=&#8220;all&#8220; global_colors_info=&#8220;{}&#8220;][et_pb_column type=&#8220;4_4&#8243; _builder_version=&#8220;4.24.2&#8243; _module_preset=&#8220;default&#8220; global_colors_info=&#8220;{}&#8220;][dnxte_logo_carousel_parent dnxt_carousel_autoplay_delay=&#8220;2300&#8243; dnxt_carousel_loop=&#8220;on&#8220; dnxt_carousel_centered_slides=&#8220;on&#8220; dnxt_carousel_speed=&#8220;4000&#8243; dnxt_carousel_spacebetween=&#8220;500&#8243; dnxt_carousel_breakpoint_desktop=&#8220;1&#8243; disabled_on=&#8220;off|off|off&#8220; _builder_version=&#8220;4.24.2&#8243; _module_preset=&#8220;default&#8220; global_colors_info=&#8220;{}&#8220;][dnxte_logo_carousel_child logo_carousel_image=&#8220;https:\/\/sphere.swiss\/wp-content\/uploads\/2024\/02\/CATFP_SPHERE_banner_AMC_1080x260px.jpg&#8220; logo_carousel_alt=&#8220;CAT&#8220; _builder_version=&#8220;4.24.2&#8243; _module_preset=&#8220;default&#8220; link_option_url=&#8220;https:\/\/catfp.ch\/fr&#8220; global_colors_info=&#8220;{}&#8220;][\/dnxte_logo_carousel_child][dnxte_logo_carousel_child logo_carousel_image=&#8220;https:\/\/sphere.swiss\/wp-content\/uploads\/2024\/02\/3.8305_banner_website_borsentag_1080x260px_20240212_01.gif&#8220; logo_carousel_alt=&#8220;DWS&#8220; _builder_version=&#8220;4.24.1&#8243; _module_preset=&#8220;default&#8220; link_option_url=&#8220;https:\/\/etf.dws.com\/en-ch\/&#8220; global_colors_info=&#8220;{}&#8220;][\/dnxte_logo_carousel_child][dnxte_logo_carousel_child logo_carousel_image=&#8220;https:\/\/sphere.swiss\/wp-content\/uploads\/2024\/02\/banniere-website.png&#8220; logo_carousel_alt=&#8220;Keesystem&#8220; _builder_version=&#8220;4.24.1&#8243; _module_preset=&#8220;default&#8220; link_option_url=&#8220;https:\/\/www.keesystem.com\/fr\/&#8220; global_colors_info=&#8220;{}&#8220;][\/dnxte_logo_carousel_child][dnxte_logo_carousel_child logo_carousel_image=&#8220;https:\/\/sphere.swiss\/wp-content\/uploads\/2024\/02\/Banner-French.png&#8220; logo_carousel_alt=&#8220;Penta&#8220; _builder_version=&#8220;4.24.1&#8243; _module_preset=&#8220;default&#8220; link_option_url=&#8220;https:\/\/penta.ch\/fr\/&#8220; global_colors_info=&#8220;{}&#8220;][\/dnxte_logo_carousel_child][dnxte_logo_carousel_child logo_carousel_image=&#8220;https:\/\/sphere.swiss\/wp-content\/uploads\/2024\/02\/24_SQ_Digital-Solution-Week_Banner_1080x260px2.png&#8220; logo_carousel_alt=&#8220;Swissquote&#8220; _builder_version=&#8220;4.24.1&#8243; _module_preset=&#8220;default&#8220; link_option_url=&#8220;https:\/\/www.swissquote.com\/en\/institutional\/clients\/asset-managers?utm_source=sphere&#038;utm_campaign=digital-solutions-week_sqba_trade_tradeshow_awareness_trade&#038;utm_medium=banner&#8220; global_colors_info=&#8220;{}&#8220;][\/dnxte_logo_carousel_child][dnxte_logo_carousel_child logo_carousel_image=&#8220;https:\/\/sphere.swiss\/wp-content\/uploads\/2024\/02\/42278_GFIM-Banner_1080x260_2024_FR.jpg&#8220; logo_carousel_alt=&#8220;UBS&#8220; _builder_version=&#8220;4.24.2&#8243; _module_preset=&#8220;default&#8220; link_option_url=&#8220;https:\/\/www.ubs.com\/global\/fr\/wealth-management\/financial-intermediaries.html&#8220; global_colors_info=&#8220;{}&#8220;][\/dnxte_logo_carousel_child][\/dnxte_logo_carousel_parent][\/et_pb_column][\/et_pb_row][et_pb_row column_structure=&#8220;2_3,1_3&#8243; _builder_version=&#8220;4.20.0&#8243; _module_preset=&#8220;default&#8220; global_colors_info=&#8220;{}&#8220;][et_pb_column type=&#8220;2_3&#8243; _builder_version=&#8220;4.19.4&#8243; _module_preset=&#8220;default&#8220; global_colors_info=&#8220;{}&#8220;][et_pb_text _builder_version=&#8220;4.27.0&#8243; _module_preset=&#8220;default&#8220; header_3_font=&#8220;|300|||||||&#8220; header_3_text_align=&#8220;justify&#8220; header_3_font_size=&#8220;17px&#8220; custom_padding=&#8220;0px|||||&#8220; hover_enabled=&#8220;0&#8243; global_colors_info=&#8220;{}&#8220; sticky_enabled=&#8220;0&#8243;]<\/p>\n<h3><strong><span style=\"color: #339966;\">Investment L\u00f6sungen<\/span><\/strong><\/h3>\n<ul>\n<li style=\"list-style-type: none;\">\n<ul>\n<li><b>Interview mit Alain Gallati<\/b><\/li>\n<li><strong>Leiter des deutschsschweizer\u00a0 Marktes<\/strong><\/li>\n<li><strong>Pictet Asset Services<\/strong><\/li>\n<\/ul>\n<\/li>\n<\/ul>\n<h2><strong>\u201eJahr f\u00fcr Jahr wird der Zugang zu Private Equity einfacher\u201c.<\/strong><\/h2>\n<p>F\u00fcr unabh\u00e4ngige Verm\u00f6gensverwalter hat Private Equity den Vorteil, dass es sich in langfristig ausgerichtete Anlagestrategien einf\u00fcgen l\u00e4sst. Und, wie Alain Gallati anmerkt, handelt es sich um eine Anlageklasse, die zwar immer noch komplex ist, aber zunehmend zug\u00e4nglicher f\u00fcr Individualkunden wird.<\/p>\n<p>Von J\u00e9r\u00f4me Sicard<\/p>\n<p>[\/et_pb_text][dnxte_minimal_image_hover image=&#8220;https:\/\/sphere.swiss\/wp-content\/uploads\/2024\/11\/GALLATI-1.jpg&#8220; dnxtmih_image_hover_effect=&#8220;effect9&#8243; _builder_version=&#8220;4.27.0&#8243; _module_preset=&#8220;default&#8220; module_alignment=&#8220;center&#8220; global_colors_info=&#8220;{}&#8220;][\/dnxte_minimal_image_hover][et_pb_text _builder_version=&#8220;4.27.0&#8243; _module_preset=&#8220;default&#8220; text_font=&#8220;|300|||||||&#8220; text_line_height=&#8220;1.9em&#8220; header_font=&#8220;|600|||||||&#8220; header_2_font=&#8220;|600|||||||&#8220; header_2_text_align=&#8220;left&#8220; header_2_font_size=&#8220;31px&#8220; text_orientation=&#8220;justified&#8220; global_colors_info=&#8220;{}&#8220;]<\/p>\n<p><strong>Wie haben sich die strategischen Allokationen der externen Verm\u00f6gensverwalter, mit welchen Sie zusammenarbeiten, in den letzten Jahren entwickelt?<\/strong><\/p>\n<p>Auf strategischer Ebene haben wir keine gr\u00f6sseren Ver\u00e4nderungen festgestellt. Dies macht Sinn, da die Verm\u00f6gensverwalter f\u00fcr ihre Kunden langfristige Strategien entwickeln. Andererseits beobachten wir, dass die Private-Equity-Allokationen in den Portfolios langsam aber sicher steigen. Hier zeichnet sich ein grundlegender Trend ab. Noch vor einigen Jahren war Private Equity nur f\u00fcr grosse institutionelle Investoren interessant. Heute gewinnt Private Equity in den Segmenten HNWI und UHNWI zunehmend an Bedeutung. Dies ist umso sinnvoller, da es sich um ebenfalls langfristig orientierte Investitionen handelt. Was die Allokation angeht, sind wir noch nicht bei den 5 bis 10 % der institutionellen Portfolios angelangt, aber es kommt.       <\/p>\n<p><strong>Wie erkl\u00e4ren Sie sich diese Begeisterung f\u00fcr Private-Equity-Produkte?<\/strong><\/p>\n<p>Zun\u00e4chst einmal handelt es sich um einen Markt mit einer sehr positiven Dynamik. In den letzten zehn Jahren ist er stark gewachsen, dass er heute einem Volumen von fast 6 Billionen US-Dollar entspricht. Einige spezialisierte Unternehmen gehen sogar davon aus, dass sich der Markt bis 2030 noch einmal verdoppeln wird. Der Markt profitiert von bedeutenden strukturellen Ver\u00e4nderungen. Private Unternehmen werden immer besser finanziert und bleiben l\u00e4nger in Privatbesitz, w\u00e4hrend die Zahl der an den B\u00f6rsen kotierten Unternehmen abnimmt. Dieser Grundtrend spiegelt sich auch in der zunehmenden Bedeutung von Private Equity wider.     <\/p>\n<p>Es ist klar, dass Private-Equity-Investitionen weniger flexibel sind. Das Kapital wird \u00fcber mehrere Jahre gebunden, jedoch wird die Anlageklasse als Ganzes Jahr f\u00fcr Jahr leichter zug\u00e4nglich.Die Entstehung eines Sekund\u00e4rmarktes verbessert auch die Liquidit\u00e4t. <\/p>\n<p><strong>Was sind die Herausforderungen f\u00fcr unabh\u00e4ngige Verm\u00f6gensverwalter beim Aufbau und der Verwaltung ihrer Private-Equity-Anteile?<\/strong><\/p>\n<p>Die erste Aufgabe besteht darin, \u00fcber alle notwendigen Informationen zu verf\u00fcgen, um die besten Fondsmanager zu identifizieren. Das ist eine schwierige Aufgabe. Wie bei Hedgefonds kann es auch bei vergleichbaren Strategien grosse Leistungsunterschiede zwischen den einzelnen Fondsmanagern geben. Die zweite Aufgabe besteht darin, \u00fcber ein ausreichend grosses Netzwerk zu verf\u00fcgen, um Zugang zu diesen Fondsmanagern zu erhalten, die h\u00e4ufig nicht dazu bereit sind, neue Investoren aufzunehmen, da sie bereits \u00fcber ein gut gef\u00fclltes Kundenbuch verf\u00fcgen. Die dritte Aufgabe besteht darin, gen\u00fcgend Kapital freizusetzen, um die manchmal sehr hohen Mindestanforderungen zu erf\u00fcllen. Schlussendlich ist es wichtig, den Markt st\u00e4ndig zu beobachten, die Entwicklungen zu verfolgen und aufstrebende Talente mit frischen und innovativen Ideen zu finden, die wertvolle Chancen bieten k\u00f6nnen. Die Kunst liegt darin, ein Private-Equity-Buch richtig zu steuern      <\/p>\n<p><strong>Wie begleiten Sie selbst unabh\u00e4ngige Verm\u00f6gensverwalter im Bereich von Private-Equity?<\/strong><\/p>\n<p>Zun\u00e4chst lassen wir sie von der enormen Erfahrung profitieren, die die Gruppe in \u00fcber 30 Jahren gesammelt hat. Die erste Private-Equity-Investition, die Pictet get\u00e4tigt hat, geht auf das Jahr 1989 zur\u00fcck. Seitdem, um nur ein Beispiel zu nennen, waren wir an \u00fcber 400 Investitionen beteiligt und haben \u00fcber 90 aktive Beziehungen zu externen Private-Equity-Managern. Wir haben Teams, die sich ausschliesslich mit dieser Anlageklasse befassen. Pictet verwaltet derzeit \u00fcber 25 Mrd. USD an Verm\u00f6genswerten im Private-Equity-Segment. Dar\u00fcber hinaus konnten wir eine solide Expertise in verschiedenen weiteren Themenbereichen aufbauen.     <\/p>\n<p>Die Verm\u00f6gensverwalter, mit denen wir zusammenarbeiten, haben Zugang zu unseren Fonds \u2013 beispielsweise haben wir heute acht Fonds zur Zeichnung offen, in den Bereichen Private Debt, Private Equity und Private Real &#8211; aber was unsere Kunden am meisten sch\u00e4tzen, sind unsere Expertise und unsere Partnerschaft.<\/p>\n<p><strong>Welche Elemente des Angebots von Pictet k\u00f6nnen unabh\u00e4ngige Verm\u00f6gensverwalter am attraktivsten finden?<\/strong><\/p>\n<p>Wir verstehen Private Equity in all seinen Formen: Buy-out-Fonds, Dachfonds, Themenfonds, Co-Investments \u00fcber Multi-Manager-Fonds, sowie \u00abElevator\u00bb-Fonds, bei denen das Kapital in Etappen investiert wird, sprich, wir decken das gesamte Spektrum ab. <\/p>\n<p>Um in einen unserer Fonds zu investieren, reichen heute 140.000 Franken aus. Wir sind jedoch auch in der Lage, massgeschneiderte L\u00f6sungen f\u00fcr grossvolumige Investitionen und strategische Kunden zu strukturieren.  <\/p>\n<p><strong> <\/strong><\/p>\n<p><strong>Alain Gallati<\/strong><\/p>\n<p><strong>Pictet Asset Services<\/strong><\/p>\n<p>Alain Gallati ist f\u00fcr den deutschsschweizer Markt von Pictet Asset Services verantwortlich. Nach 25 Jahren bei der UBS, kam er 2019 zur Pictet-Gruppe. Bei der UBS hatteer verschiedene Funktionen inne, in den Bereichen Investment- und Privatbanking in Asien und der Schweiz. Vor seinem Wechsel zu Pictet war er f\u00fcr die Finanzintermedi\u00e4re in der Deutschschweiz zust\u00e4ndig.  <\/p>\n<p>[\/et_pb_text][\/et_pb_column][et_pb_column type=&#8220;1_3&#8243; _builder_version=&#8220;4.19.4&#8243; _module_preset=&#8220;default&#8220; global_colors_info=&#8220;{}&#8220;][et_pb_text _builder_version=&#8220;4.20.0&#8243; _module_preset=&#8220;default&#8220; header_3_font=&#8220;|300|||||||&#8220; header_3_text_align=&#8220;justify&#8220; header_3_font_size=&#8220;17px&#8220; global_colors_info=&#8220;{}&#8220;]<\/p>\n<ul><\/ul>\n<p>Sie werden auch m\u00f6gen<\/p>\n<p>[\/et_pb_text][et_pb_blog_extras use_category_filterable_blog=&#8220;on&#8220; show_all_posts_link=&#8220;on&#8220; posts_number=&#8220;3&#8243; include_categories=&#8220;5&#8243; blog_layout=&#8220;block_extended&#8220; show_author=&#8220;off&#8220; category_meta_colors=&#8220;on&#8220; show_comments=&#8220;off&#8220; show_read_time=&#8220;on&#8220; _builder_version=&#8220;4.20.0&#8243; _module_preset=&#8220;default&#8220; header_font=&#8220;|600|||||||&#8220; header_font_size=&#8220;20px&#8220; body_font=&#8220;|300|||||||&#8220; body_text_align=&#8220;left&#8220; global_colors_info=&#8220;{}&#8220;][\/et_pb_blog_extras][\/et_pb_column][\/et_pb_row][et_pb_row _builder_version=&#8220;4.20.0&#8243; _module_preset=&#8220;default&#8220; saved_tabs=&#8220;all&#8220; global_colors_info=&#8220;{}&#8220;][et_pb_column type=&#8220;4_4&#8243; _builder_version=&#8220;4.20.0&#8243; _module_preset=&#8220;default&#8220; global_colors_info=&#8220;{}&#8220;][et_pb_blog_extras posts_number=&#8220;3&#8243; include_categories=&#8220;5,6,8,7&#8243; blog_layout=&#8220;block_extended&#8220; show_author=&#8220;off&#8220; category_meta_colors=&#8220;on&#8220; show_comments=&#8220;off&#8220; show_read_time=&#8220;on&#8220; _builder_version=&#8220;4.20.2&#8243; _module_preset=&#8220;default&#8220; header_font=&#8220;|600|||||||&#8220; header_font_size=&#8220;20px&#8220; body_font=&#8220;|300|||||||&#8220; body_text_align=&#8220;left&#8220; global_colors_info=&#8220;{}&#8220;][\/et_pb_blog_extras][\/et_pb_column][\/et_pb_row][\/et_pb_section][et_pb_section fb_built=&#8220;1&#8243; module_id=&#8220;Kontakt&#8220; _builder_version=&#8220;4.20.0&#8243; _module_preset=&#8220;default&#8220; background_color=&#8220;rgba(0,0,0,0.03)&#8220; min_height=&#8220;835px&#8220; custom_padding=&#8220;1px|||||&#8220; saved_tabs=&#8220;all&#8220; locked=&#8220;off&#8220; global_colors_info=&#8220;{}&#8220;][et_pb_row _builder_version=&#8220;4.20.0&#8243; _module_preset=&#8220;default&#8220; global_colors_info=&#8220;{}&#8220;][et_pb_column type=&#8220;4_4&#8243; _builder_version=&#8220;4.20.0&#8243; _module_preset=&#8220;default&#8220; global_colors_info=&#8220;{}&#8220;][et_pb_text _builder_version=&#8220;4.20.1&#8243; _module_preset=&#8220;default&#8220; text_font=&#8220;||||||||&#8220; header_font=&#8220;|600|||||||dotted&#8220; header_text_align=&#8220;left&#8220; header_text_color=&#8220;#353740&#8243; header_font_size=&#8220;51px&#8220; header_2_font=&#8220;|300|||||||&#8220; header_2_font_size=&#8220;42px&#8220; header_2_line_height=&#8220;0.8em&#8220; background_size=&#8220;initial&#8220; background_position=&#8220;top_left&#8220; background_repeat=&#8220;repeat&#8220; custom_margin=&#8220;4px||-1px||false|false&#8220; animation_style=&#8220;fade&#8220; header_font_size_last_edited=&#8220;off|desktop&#8220; locked=&#8220;off&#8220; global_colors_info=&#8220;{}&#8220;]<\/p>\n<h1>Sphere<\/h1>\n<h2>The Swiss Financial Arena<\/h2>\n<p>[\/et_pb_text][et_pb_text _builder_version=&#8220;4.20.2&#8243; _module_preset=&#8220;default&#8220; custom_margin=&#8220;33px||26px|||&#8220; global_colors_info=&#8220;{}&#8220;]<\/p>\n<h6><span style=\"color: #1a343f;\">Seit der Gr\u00fcndung im Jahr 2016 unterst\u00fctzt und vernetzt SPHERE die Community der Schweizer Finanzbranche. <\/span><span style=\"color: #1a343f;\">SPHERE erm\u00f6glicht den Austausch, sei es mit dem viertelj\u00e4hrlich erscheinenden Magazin, den beiden Sonderausgaben f\u00fcr institutionelle Anleger, der Website, den Newsletter und den Veranstaltungen, die das ganze Jahr hindurch durchgef\u00fchrt werden. <\/span><span style=\"color: #1a343f;\">Toutes les parties prenantes de la finance, l&#8217;un des plus importants secteurs \u00e9conomiques de Suisse, ont ainsi \u00e0 leur disposition une plateforme o\u00f9 il leur est possible d\u2019\u00e9changer, de s\u2019informer et de progresser.<\/span><\/h6>\n<p>[\/et_pb_text][\/et_pb_column][\/et_pb_row][et_pb_row column_structure=&#8220;1_3,1_3,1_3&#8243; _builder_version=&#8220;4.20.0&#8243; _module_preset=&#8220;default&#8220; global_colors_info=&#8220;{}&#8220;][et_pb_column type=&#8220;1_3&#8243; _builder_version=&#8220;4.20.0&#8243; _module_preset=&#8220;default&#8220; global_colors_info=&#8220;{}&#8220;][et_pb_image src=&#8220;https:\/\/sphere.swiss\/wp-content\/uploads\/2024\/11\/Couv_Mediakit-2025_Newsletter.png&#8220; title_text=&#8220;Couv_Mediakit 2025_Newsletter&#8220; _builder_version=&#8220;4.27.0&#8243; _module_preset=&#8220;default&#8220; width=&#8220;63%&#8220; module_alignment=&#8220;center&#8220; global_colors_info=&#8220;{}&#8220;][\/et_pb_image][et_pb_button button_url=&#8220;https:\/\/sphere.swiss\/wp-content\/uploads\/2024\/11\/Mediakit-2025_La-Newsletter-SPHERE_FR.pdf&#8220; button_text=&#8220;SPHERE Newsletter &#8211; Download des Mediakits 2025&#8243; button_alignment=&#8220;center&#8220; _builder_version=&#8220;4.27.0&#8243; _module_preset=&#8220;default&#8220; custom_button=&#8220;on&#8220; button_text_size=&#8220;18px&#8220; button_text_color=&#8220;#FFFFFF&#8220; button_bg_color=&#8220;#031042&#8243; button_border_width=&#8220;0px&#8220; button_border_color=&#8220;#031042&#8243; button_border_radius=&#8220;13px&#8220; button_font=&#8220;|300|||||||&#8220; button_icon=&#8220;&#x22;||divi||400&#8243; button_icon_color=&#8220;#FFFFFF&#8220; global_colors_info=&#8220;{}&#8220; button_text_color__hover_enabled=&#8220;on|hover&#8220; button_text_color__hover=&#8220;#E0D0B1&#8243;][\/et_pb_button][et_pb_button button_url=&#8220;https:\/\/sphere.swiss\/wp-content\/uploads\/2023\/08\/SPHERE_EVENTS_CatalogueAgenda_2024.pdf&#8220; url_new_window=&#8220;on&#8220; button_text=&#8220;Laden Sie den Veranstaltungskatalog herunter&#8220; button_alignment=&#8220;center&#8220; disabled_on=&#8220;on|on|on&#8220; _builder_version=&#8220;4.24.2&#8243; _module_preset=&#8220;default&#8220; custom_button=&#8220;on&#8220; button_text_size=&#8220;18px&#8220; button_text_color=&#8220;#FFFFFF&#8220; button_bg_color=&#8220;#031042&#8243; button_border_width=&#8220;0px&#8220; button_border_color=&#8220;#031042&#8243; button_border_radius=&#8220;13px&#8220; button_font=&#8220;|300|||||||&#8220; button_icon=&#8220;&#x22;||divi||400&#8243; button_icon_color=&#8220;#FFFFFF&#8220; disabled=&#8220;on&#8220; global_colors_info=&#8220;{}&#8220; button_text_color__hover_enabled=&#8220;on|hover&#8220; button_text_color__hover=&#8220;#E0D0B1&#8243;][\/et_pb_button][\/et_pb_column][et_pb_column type=&#8220;1_3&#8243; _builder_version=&#8220;4.20.0&#8243; _module_preset=&#8220;default&#8220; global_colors_info=&#8220;{}&#8220;][et_pb_text _builder_version=&#8220;4.20.0&#8243; _module_preset=&#8220;default&#8220; global_colors_info=&#8220;{}&#8220; link_text_color__hover_enabled=&#8220;on|hover&#8220; link_text_color__hover=&#8220;#031042&#8243;]<\/p>\n<p>REDAKTION<br \/><a href=\"mailto:redaction@sphere.swiss\">redaction[at]sphere.swiss<\/a><\/p>\n<p>WERBUNG<br \/><a href=\"mailto:advertise@sphere.swiss\">advertise[at]sphere.swiss<\/a><\/p>\n<p>ABONNEMENT<br \/><a href=\"mailto:contact@sphere.swiss\">Kontakt[at]sphere.swiss<\/a><\/p>\n<p>VERANSTALTUNGEN<br \/>events<a href=\"mailto:events@sphere.swiss\">[at]sphere.swiss<\/a><\/p>\n<p>[\/et_pb_text][\/et_pb_column][et_pb_column type=&#8220;1_3&#8243; _builder_version=&#8220;4.20.0&#8243; _module_preset=&#8220;default&#8220; global_colors_info=&#8220;{}&#8220;][et_pb_button button_url=&#8220;https:\/\/sphere.swiss\/de\/datenschutzrichtlinie\/&#8220; button_text=&#8220;Datenschutzrichtlinie&#8220; button_alignment=&#8220;center&#8220; _builder_version=&#8220;4.21.0&#8243; _module_preset=&#8220;default&#8220; custom_button=&#8220;on&#8220; button_text_size=&#8220;18px&#8220; button_text_color=&#8220;#FFFFFF&#8220; button_bg_color=&#8220;#031042&#8243; button_border_width=&#8220;0px&#8220; button_border_color=&#8220;#031042&#8243; button_border_radius=&#8220;13px&#8220; button_font=&#8220;|300|||||||&#8220; button_icon=&#8220;&#x22;||divi||400&#8243; button_icon_color=&#8220;#FFFFFF&#8220; global_colors_info=&#8220;{}&#8220; button_text_color__hover_enabled=&#8220;on|hover&#8220; button_text_color__hover=&#8220;#E0D0B1&#8243;][\/et_pb_button][et_pb_text _builder_version=&#8220;4.20.0&#8243; _module_preset=&#8220;default&#8220; link_text_color=&#8220;#bab893&#8243; global_colors_info=&#8220;{}&#8220; link_text_color__hover_enabled=&#8220;on|hover&#8220; link_text_color__hover=&#8220;#031042&#8243;]<\/p>\n<p><span>Postfach 1806<\/span><br \/><span>CH-1211 Genf 1<\/span><\/p>\n<p><span>P <a href=\"tel:+41225661731\">+41 22 566 17 32<\/a><\/span><\/p>\n<p>[\/et_pb_text][et_pb_social_media_follow _builder_version=&#8220;4.27.0&#8243; _module_preset=&#8220;default&#8220; global_colors_info=&#8220;{}&#8220;][et_pb_social_media_follow_network social_network=&#8220;linkedin&#8220; url=&#8220;https:\/\/www.linkedin.com\/company\/sphere-publishing\/&#8220; _builder_version=&#8220;4.20.0&#8243; _module_preset=&#8220;default&#8220; background_color=&#8220;#007bb6&#8243; global_colors_info=&#8220;{}&#8220; follow_button=&#8220;off&#8220; url_new_window=&#8220;on&#8220;]linkedin[\/et_pb_social_media_follow_network][et_pb_social_media_follow_network social_network=&#8220;youtube&#8220; url=&#8220;https:\/\/www.youtube.com\/channel\/UCbuR1yloLuiBDbV3R3iyk2w&#8220; _builder_version=&#8220;4.27.0&#8243; _module_preset=&#8220;default&#8220; background_color=&#8220;#a82400&#8243; global_colors_info=&#8220;{}&#8220; follow_button=&#8220;off&#8220; url_new_window=&#8220;on&#8220;]youtube[\/et_pb_social_media_follow_network][\/et_pb_social_media_follow][et_pb_text _builder_version=&#8220;4.20.0&#8243; _module_preset=&#8220;default&#8220; global_colors_info=&#8220;{}&#8220; link_text_color__hover_enabled=&#8220;on|hover&#8220; link_text_color__hover=&#8220;#031042&#8243;]<\/p>\n<p>\u00a9 2023 Sphere Magazine<\/p>\n<p>Website erstellt von <a href=\"https:\/\/shbrands.ch\" target=\"_blank\" rel=\"noopener\">Swiss House of Brands<\/a><\/p>\n<p>[\/et_pb_text][\/et_pb_column][\/et_pb_row][\/et_pb_section]<\/p>\n","protected":false},"excerpt":{"rendered":"<p>Alain Gallati<br \/>\nPictet Asset Services<br \/>\n\u201eJahr f\u00fcr Jahr wird der Zugang zu Private Equity einfacher\u201c.<\/p>\n","protected":false},"author":2,"featured_media":15231,"comment_status":"closed","ping_status":"closed","sticky":false,"template":"","format":"standard","meta":{"_et_pb_use_builder":"on","_et_pb_old_content":"","_et_gb_content_width":"","_mo_disable_npp":"","footnotes":""},"categories":[91],"tags":[1453,1452,277],"class_list":["post-15223","post","type-post","status-publish","format-standard","has-post-thumbnail","hentry","category-investment-loesungen","tag-alain-gallati-de","tag-pictet-asset-services-de","tag-private-equity-de"],"yoast_head":"<!-- This site is optimized with the Yoast SEO plugin v25.3.1 - https:\/\/yoast.com\/wordpress\/plugins\/seo\/ -->\n<title>Allokation - Sphere<\/title>\n<meta name=\"description\" content=\"F\u00fcr unabh\u00e4ngige Verm\u00f6gensverwalter hat Private Equity den Vorteil, dass es sich in langfristig ausgerichtete Anlagestrategien einf\u00fcgen l\u00e4sst. Und, wie Alain Gallati anmerkt, handelt es sich um eine Anlageklasse, die zwar immer noch komplex ist, aber zunehmend zug\u00e4nglicher f\u00fcr Individualkunden wird.\" \/>\n<meta name=\"robots\" content=\"index, follow, max-snippet:-1, max-image-preview:large, max-video-preview:-1\" \/>\n<link rel=\"canonical\" href=\"https:\/\/sphere.swiss\/de\/alain-gallati\/\" \/>\n<meta property=\"og:locale\" content=\"de_DE\" \/>\n<meta property=\"og:type\" content=\"article\" \/>\n<meta property=\"og:title\" content=\"Allokation - Sphere\" \/>\n<meta property=\"og:description\" content=\"F\u00fcr unabh\u00e4ngige Verm\u00f6gensverwalter hat Private Equity den Vorteil, dass es sich in langfristig ausgerichtete Anlagestrategien einf\u00fcgen l\u00e4sst. Und, wie Alain Gallati anmerkt, handelt es sich um eine Anlageklasse, die zwar immer noch komplex ist, aber zunehmend zug\u00e4nglicher f\u00fcr Individualkunden wird.\" \/>\n<meta property=\"og:url\" content=\"https:\/\/sphere.swiss\/de\/alain-gallati\/\" \/>\n<meta property=\"og:site_name\" content=\"Sphere\" \/>\n<meta property=\"article:published_time\" content=\"2024-11-13T14:30:55+00:00\" \/>\n<meta property=\"article:modified_time\" content=\"2024-11-15T06:55:06+00:00\" \/>\n<meta property=\"og:image\" content=\"https:\/\/sphere.swiss\/wp-content\/uploads\/2024\/11\/GALLATI-1.jpg\" \/>\n\t<meta property=\"og:image:width\" content=\"1250\" \/>\n\t<meta property=\"og:image:height\" content=\"624\" \/>\n\t<meta property=\"og:image:type\" content=\"image\/jpeg\" \/>\n<meta name=\"author\" content=\"sph3r3\" \/>\n<meta name=\"twitter:card\" content=\"summary_large_image\" \/>\n<meta name=\"twitter:label1\" content=\"Verfasst von\" \/>\n\t<meta name=\"twitter:data1\" content=\"sph3r3\" \/>\n\t<meta name=\"twitter:label2\" content=\"Gesch\u00e4tzte Lesezeit\" \/>\n\t<meta name=\"twitter:data2\" content=\"8\u00a0Minuten\" \/>\n<script type=\"application\/ld+json\" class=\"yoast-schema-graph\">{\"@context\":\"https:\/\/schema.org\",\"@graph\":[{\"@type\":\"WebPage\",\"@id\":\"https:\/\/sphere.swiss\/de\/alain-gallati\/\",\"url\":\"https:\/\/sphere.swiss\/de\/alain-gallati\/\",\"name\":\"Allokation - Sphere\",\"isPartOf\":{\"@id\":\"https:\/\/sphere.swiss\/de\/#website\"},\"primaryImageOfPage\":{\"@id\":\"https:\/\/sphere.swiss\/de\/alain-gallati\/#primaryimage\"},\"image\":{\"@id\":\"https:\/\/sphere.swiss\/de\/alain-gallati\/#primaryimage\"},\"thumbnailUrl\":\"https:\/\/sphere.swiss\/wp-content\/uploads\/2024\/11\/GALLATI-1.jpg\",\"datePublished\":\"2024-11-13T14:30:55+00:00\",\"dateModified\":\"2024-11-15T06:55:06+00:00\",\"author\":{\"@id\":\"https:\/\/sphere.swiss\/de\/#\/schema\/person\/bd0c19ac051bb08ddf812db864e2ea78\"},\"description\":\"F\u00fcr unabh\u00e4ngige Verm\u00f6gensverwalter hat Private Equity den Vorteil, dass es sich in langfristig ausgerichtete Anlagestrategien einf\u00fcgen l\u00e4sst. Und, wie Alain Gallati anmerkt, handelt es sich um eine Anlageklasse, die zwar immer noch komplex ist, aber zunehmend zug\u00e4nglicher f\u00fcr Individualkunden wird.\",\"breadcrumb\":{\"@id\":\"https:\/\/sphere.swiss\/de\/alain-gallati\/#breadcrumb\"},\"inLanguage\":\"de\",\"potentialAction\":[{\"@type\":\"ReadAction\",\"target\":[\"https:\/\/sphere.swiss\/de\/alain-gallati\/\"]}]},{\"@type\":\"ImageObject\",\"inLanguage\":\"de\",\"@id\":\"https:\/\/sphere.swiss\/de\/alain-gallati\/#primaryimage\",\"url\":\"https:\/\/sphere.swiss\/wp-content\/uploads\/2024\/11\/GALLATI-1.jpg\",\"contentUrl\":\"https:\/\/sphere.swiss\/wp-content\/uploads\/2024\/11\/GALLATI-1.jpg\",\"width\":1250,\"height\":624},{\"@type\":\"BreadcrumbList\",\"@id\":\"https:\/\/sphere.swiss\/de\/alain-gallati\/#breadcrumb\",\"itemListElement\":[{\"@type\":\"ListItem\",\"position\":1,\"name\":\"Home\",\"item\":\"https:\/\/sphere.swiss\/de\/\"},{\"@type\":\"ListItem\",\"position\":2,\"name\":\"Allokation\"}]},{\"@type\":\"WebSite\",\"@id\":\"https:\/\/sphere.swiss\/de\/#website\",\"url\":\"https:\/\/sphere.swiss\/de\/\",\"name\":\"Sphere\",\"description\":\"The Swiss Financial Arena\",\"alternateName\":\"Sphere Swiss\",\"potentialAction\":[{\"@type\":\"SearchAction\",\"target\":{\"@type\":\"EntryPoint\",\"urlTemplate\":\"https:\/\/sphere.swiss\/de\/?s={search_term_string}\"},\"query-input\":{\"@type\":\"PropertyValueSpecification\",\"valueRequired\":true,\"valueName\":\"search_term_string\"}}],\"inLanguage\":\"de\"},{\"@type\":\"Person\",\"@id\":\"https:\/\/sphere.swiss\/de\/#\/schema\/person\/bd0c19ac051bb08ddf812db864e2ea78\",\"name\":\"sph3r3\",\"image\":{\"@type\":\"ImageObject\",\"inLanguage\":\"de\",\"@id\":\"https:\/\/sphere.swiss\/de\/#\/schema\/person\/image\/\",\"url\":\"https:\/\/secure.gravatar.com\/avatar\/580395011f6a1ca0bf8ae70d71d5015878f64832766767a33c46af64643053a7?s=96&d=mm&r=g\",\"contentUrl\":\"https:\/\/secure.gravatar.com\/avatar\/580395011f6a1ca0bf8ae70d71d5015878f64832766767a33c46af64643053a7?s=96&d=mm&r=g\",\"caption\":\"sph3r3\"},\"url\":\"https:\/\/sphere.swiss\/de\/author\/sph3r3\/\"}]}<\/script>\n<!-- \/ Yoast SEO plugin. -->","yoast_head_json":{"title":"Allokation - Sphere","description":"F\u00fcr unabh\u00e4ngige Verm\u00f6gensverwalter hat Private Equity den Vorteil, dass es sich in langfristig ausgerichtete Anlagestrategien einf\u00fcgen l\u00e4sst. Und, wie Alain Gallati anmerkt, handelt es sich um eine Anlageklasse, die zwar immer noch komplex ist, aber zunehmend zug\u00e4nglicher f\u00fcr Individualkunden wird.","robots":{"index":"index","follow":"follow","max-snippet":"max-snippet:-1","max-image-preview":"max-image-preview:large","max-video-preview":"max-video-preview:-1"},"canonical":"https:\/\/sphere.swiss\/de\/alain-gallati\/","og_locale":"de_DE","og_type":"article","og_title":"Allokation - Sphere","og_description":"F\u00fcr unabh\u00e4ngige Verm\u00f6gensverwalter hat Private Equity den Vorteil, dass es sich in langfristig ausgerichtete Anlagestrategien einf\u00fcgen l\u00e4sst. Und, wie Alain Gallati anmerkt, handelt es sich um eine Anlageklasse, die zwar immer noch komplex ist, aber zunehmend zug\u00e4nglicher f\u00fcr Individualkunden wird.","og_url":"https:\/\/sphere.swiss\/de\/alain-gallati\/","og_site_name":"Sphere","article_published_time":"2024-11-13T14:30:55+00:00","article_modified_time":"2024-11-15T06:55:06+00:00","og_image":[{"width":1250,"height":624,"url":"https:\/\/sphere.swiss\/wp-content\/uploads\/2024\/11\/GALLATI-1.jpg","type":"image\/jpeg"}],"author":"sph3r3","twitter_card":"summary_large_image","twitter_misc":{"Verfasst von":"sph3r3","Gesch\u00e4tzte Lesezeit":"8\u00a0Minuten"},"schema":{"@context":"https:\/\/schema.org","@graph":[{"@type":"WebPage","@id":"https:\/\/sphere.swiss\/de\/alain-gallati\/","url":"https:\/\/sphere.swiss\/de\/alain-gallati\/","name":"Allokation - Sphere","isPartOf":{"@id":"https:\/\/sphere.swiss\/de\/#website"},"primaryImageOfPage":{"@id":"https:\/\/sphere.swiss\/de\/alain-gallati\/#primaryimage"},"image":{"@id":"https:\/\/sphere.swiss\/de\/alain-gallati\/#primaryimage"},"thumbnailUrl":"https:\/\/sphere.swiss\/wp-content\/uploads\/2024\/11\/GALLATI-1.jpg","datePublished":"2024-11-13T14:30:55+00:00","dateModified":"2024-11-15T06:55:06+00:00","author":{"@id":"https:\/\/sphere.swiss\/de\/#\/schema\/person\/bd0c19ac051bb08ddf812db864e2ea78"},"description":"F\u00fcr unabh\u00e4ngige Verm\u00f6gensverwalter hat Private Equity den Vorteil, dass es sich in langfristig ausgerichtete Anlagestrategien einf\u00fcgen l\u00e4sst. Und, wie Alain Gallati anmerkt, handelt es sich um eine Anlageklasse, die zwar immer noch komplex ist, aber zunehmend zug\u00e4nglicher f\u00fcr Individualkunden wird.","breadcrumb":{"@id":"https:\/\/sphere.swiss\/de\/alain-gallati\/#breadcrumb"},"inLanguage":"de","potentialAction":[{"@type":"ReadAction","target":["https:\/\/sphere.swiss\/de\/alain-gallati\/"]}]},{"@type":"ImageObject","inLanguage":"de","@id":"https:\/\/sphere.swiss\/de\/alain-gallati\/#primaryimage","url":"https:\/\/sphere.swiss\/wp-content\/uploads\/2024\/11\/GALLATI-1.jpg","contentUrl":"https:\/\/sphere.swiss\/wp-content\/uploads\/2024\/11\/GALLATI-1.jpg","width":1250,"height":624},{"@type":"BreadcrumbList","@id":"https:\/\/sphere.swiss\/de\/alain-gallati\/#breadcrumb","itemListElement":[{"@type":"ListItem","position":1,"name":"Home","item":"https:\/\/sphere.swiss\/de\/"},{"@type":"ListItem","position":2,"name":"Allokation"}]},{"@type":"WebSite","@id":"https:\/\/sphere.swiss\/de\/#website","url":"https:\/\/sphere.swiss\/de\/","name":"Sphere","description":"The Swiss Financial Arena","alternateName":"Sphere Swiss","potentialAction":[{"@type":"SearchAction","target":{"@type":"EntryPoint","urlTemplate":"https:\/\/sphere.swiss\/de\/?s={search_term_string}"},"query-input":{"@type":"PropertyValueSpecification","valueRequired":true,"valueName":"search_term_string"}}],"inLanguage":"de"},{"@type":"Person","@id":"https:\/\/sphere.swiss\/de\/#\/schema\/person\/bd0c19ac051bb08ddf812db864e2ea78","name":"sph3r3","image":{"@type":"ImageObject","inLanguage":"de","@id":"https:\/\/sphere.swiss\/de\/#\/schema\/person\/image\/","url":"https:\/\/secure.gravatar.com\/avatar\/580395011f6a1ca0bf8ae70d71d5015878f64832766767a33c46af64643053a7?s=96&d=mm&r=g","contentUrl":"https:\/\/secure.gravatar.com\/avatar\/580395011f6a1ca0bf8ae70d71d5015878f64832766767a33c46af64643053a7?s=96&d=mm&r=g","caption":"sph3r3"},"url":"https:\/\/sphere.swiss\/de\/author\/sph3r3\/"}]}},"_links":{"self":[{"href":"https:\/\/sphere.swiss\/de\/wp-json\/wp\/v2\/posts\/15223","targetHints":{"allow":["GET"]}}],"collection":[{"href":"https:\/\/sphere.swiss\/de\/wp-json\/wp\/v2\/posts"}],"about":[{"href":"https:\/\/sphere.swiss\/de\/wp-json\/wp\/v2\/types\/post"}],"author":[{"embeddable":true,"href":"https:\/\/sphere.swiss\/de\/wp-json\/wp\/v2\/users\/2"}],"replies":[{"embeddable":true,"href":"https:\/\/sphere.swiss\/de\/wp-json\/wp\/v2\/comments?post=15223"}],"version-history":[{"count":8,"href":"https:\/\/sphere.swiss\/de\/wp-json\/wp\/v2\/posts\/15223\/revisions"}],"predecessor-version":[{"id":15249,"href":"https:\/\/sphere.swiss\/de\/wp-json\/wp\/v2\/posts\/15223\/revisions\/15249"}],"wp:featuredmedia":[{"embeddable":true,"href":"https:\/\/sphere.swiss\/de\/wp-json\/wp\/v2\/media\/15231"}],"wp:attachment":[{"href":"https:\/\/sphere.swiss\/de\/wp-json\/wp\/v2\/media?parent=15223"}],"wp:term":[{"taxonomy":"category","embeddable":true,"href":"https:\/\/sphere.swiss\/de\/wp-json\/wp\/v2\/categories?post=15223"},{"taxonomy":"post_tag","embeddable":true,"href":"https:\/\/sphere.swiss\/de\/wp-json\/wp\/v2\/tags?post=15223"}],"curies":[{"name":"wp","href":"https:\/\/api.w.org\/{rel}","templated":true}]}}