{"id":18469,"date":"2025-05-11T11:22:20","date_gmt":"2025-05-11T09:22:20","guid":{"rendered":"https:\/\/sphere.swiss\/?p=18469"},"modified":"2025-05-30T09:31:40","modified_gmt":"2025-05-30T07:31:40","slug":"boomerang","status":"publish","type":"post","link":"https:\/\/sphere.swiss\/de\/boomerang\/","title":{"rendered":"Boomerang"},"content":{"rendered":"<p>[et_pb_section fb_built=&#8220;1&#8243; _builder_version=&#8220;4.19.4&#8243; _module_preset=&#8220;default&#8220; custom_padding=&#8220;1px|||||&#8220; global_colors_info=&#8220;{}&#8220;][et_pb_row disabled_on=&#8220;off|off|off&#8220; _builder_version=&#8220;4.27.3&#8243; _module_preset=&#8220;default&#8220; width=&#8220;100%&#8220; max_width=&#8220;903px&#8220; custom_margin=&#8220;0px|auto||auto|false|false&#8220; custom_padding=&#8220;0px||173px||false|false&#8220; disabled=&#8220;on&#8220; global_module=&#8220;580&#8243; saved_tabs=&#8220;all&#8220; locked=&#8220;off&#8220; global_colors_info=&#8220;{}&#8220;][et_pb_column type=&#8220;4_4&#8243; admin_label=&#8220;Colonne&#8220; _builder_version=&#8220;4.27.3&#8243; _module_preset=&#8220;default&#8220; global_colors_info=&#8220;{}&#8220;][et_pb_code _builder_version=&#8220;4.27.3&#8243; _module_preset=&#8220;default&#8220; display_conditions=&#8220;W10=&#8220; global_colors_info=&#8220;{}&#8220;][\/et_pb_code][\/et_pb_column][\/et_pb_row][et_pb_row column_structure=&#8220;2_3,1_3&#8243; _builder_version=&#8220;4.20.0&#8243; _module_preset=&#8220;default&#8220; global_colors_info=&#8220;{}&#8220;][et_pb_column type=&#8220;2_3&#8243; _builder_version=&#8220;4.19.4&#8243; _module_preset=&#8220;default&#8220; global_colors_info=&#8220;{}&#8220;][et_pb_text _builder_version=&#8220;4.27.3&#8243; _module_preset=&#8220;default&#8220; header_3_font=&#8220;|300|||||||&#8220; header_3_text_align=&#8220;justify&#8220; header_3_font_size=&#8220;17px&#8220; custom_padding=&#8220;0px|||||&#8220; hover_enabled=&#8220;0&#8243; global_colors_info=&#8220;{}&#8220; sticky_enabled=&#8220;0&#8243;]<\/p>\n<h2><span style=\"color: #339966;\"><strong>Solutions Investissement<\/strong><\/span><\/h2>\n<ul>\n<li style=\"list-style-type: none;\">\n<ul>\n<li><strong>Anthony Bailly<\/strong><\/li>\n<li><strong>Leiter der Abteilung f\u00fcr europ\u00e4ische Aktien<\/strong><\/li>\n<li><b>Rothschild &amp; Co Asset Management<\/b><\/li>\n<\/ul>\n<\/li>\n<\/ul>\n<h2><strong>Die europ\u00e4ischen M\u00e4rkte sind die ersten Profiteure der Politik von Donald Trump<\/strong><\/h2>\n<p>Im Laufe des Quartals dr\u00fcckten die Verz\u00f6gerungen der neuen Trump-Regierung auf die Stimmung der amerikanischen Verbraucher und Unternehmen. Die j\u00fcngsten Entscheidungen zu den Z\u00f6llen verst\u00e4rkten diese Bef\u00fcrchtungen und veranlassten die Beobachter, sich \u00fcber eine m\u00f6gliche Rezession in den USA Gedanken zu machen.<\/p>\n<p>[\/et_pb_text][dnxte_minimal_image_hover image=&#8220;https:\/\/sphere.swiss\/wp-content\/uploads\/2025\/04\/Anthony-Bailly1250.jpg&#8220; dnxtmih_image_hover_effect=&#8220;effect9&#8243; _builder_version=&#8220;4.27.3&#8243; _module_preset=&#8220;default&#8220; module_alignment=&#8220;center&#8220; global_colors_info=&#8220;{}&#8220;][\/dnxte_minimal_image_hover][et_pb_text _builder_version=&#8220;4.27.3&#8243; _module_preset=&#8220;default&#8220; text_font=&#8220;|300|||||||&#8220; text_line_height=&#8220;1.9em&#8220; header_font=&#8220;|600|||||||&#8220; header_2_font=&#8220;|600|||||||&#8220; header_2_text_align=&#8220;left&#8220; header_2_font_size=&#8220;31px&#8220; text_orientation=&#8220;justified&#8220; global_colors_info=&#8220;{}&#8220;]<\/p>\n<p>Was f\u00fcr eine Kehrtwende im Vergleich zum Konsens zu Jahresbeginn, der alles auf den amerikanischen Exzeptionalismus setzte, den nichts aufhalten konnte! Zwar konnte Pr\u00e4sident Trump mit seiner Ank\u00fcndigung, die Z\u00f6lle 90 Tage lang auszusetzen, die Bef\u00fcrchtungen einer kurzfristigen Rezession ausr\u00e4umen, doch das Hin und Her und die widerspr\u00fcchlichen Ank\u00fcndigungen haben eine starke Instabilit\u00e4t geschaffen, die die Wachstumsaussichten und die Entwicklung der Inflation belastet. Derzeit scheinen die \u201ehard datas\u201c zwar widerstandsf\u00e4hig zu sein, doch die Fr\u00fchindikatoren und die Vertrauensindizes deuten auf eine Verlangsamung der Aktivit\u00e4t hin. Der inflation\u00e4re Charakter der angek\u00fcndigten Massnahmen l\u00e4sst es nicht zu, dass die Fed Zinssenkungen in Betracht zieht, obwohl die Inflationserwartungen steigen.<\/p>\n<p>Die Situation in Europa ist anders. Das Wachstum bleibt zwar schwach, doch die Einkaufsmanagerindizes f\u00fcr die Industrie erholen sich, was darauf hindeutet, dass die Talsohle durchschritten ist, ohne dass die Wirtschaft wieder in den Expansionsbereich zur\u00fcckkehrt. Die Inflation ist weiter auf 2,6 % gesunken und hat der EZB seit Jahresbeginn zwei Zinssenkungen erm\u00f6glicht. Bemerkenswert ist, dass die politische und wirtschaftliche Instabilit\u00e4t mittlerweile die Seiten gewechselt hat. W\u00e4hrend die deutschen Wahlen und die politische Situation in Frankreich die europ\u00e4ischen Indizes belastet hatten, veranlasste die Angst vor dem Verlust der milit\u00e4rischen Unterst\u00fctzung der USA in Verbindung mit dem von der neuen Regierung begonnenen Handelskrieg Europa, wie so oft, wenn es mit dem R\u00fccken zur Wand steht, zu reagieren. Die L\u00e4nder des alten Kontinents kn\u00fcpften engere Beziehungen und gaben eine Antwort auf ihre Einheit, die sich in ihrem Willen materialisierte, sich von der amerikanischen Vormundschaft im Bereich der Verteidigung zu befreien. Die Europ\u00e4ische Union hat einen umfassenden Plan zur Remilitarisierung der Zone in Angriff genommen, und der neue deutsche Bundeskanzler hat vorgeschlagen, seinen Spielraum zu nutzen, um die Haushaltssperre zu durchbrechen, indem er neben erheblichen Milit\u00e4rausgaben auch ein Konjunkturprogramm f\u00fcr die deutsche Infrastruktur auflegt.<\/p>\n<p>Vor den US-Zollank\u00fcndigungen schien sich die Lage in China zu stabilisieren, da sich die Konjunkturdaten erholten, wie z.B. die Industrieproduktion, die im M\u00e4rz ein starkes Wachstum von 5,9% seit Jahresbeginn im Jahresvergleich (y\/y) verzeichnete, und die Einzelhandelsums\u00e4tze, die im selben Zeitraum um 4,0% y\/y stiegen. Der Schlag durch die Eskalation der gegenseitigen Z\u00f6lle mit den USA wird sich jedoch auf das Jahreswachstumsziel von 5 % auswirken. Die chinesische Regierung k\u00f6nnte jedoch ihrerseits ein umfassendes Konjunkturprogramm auflegen, um das Binnenwachstum anzukurbeln und die Sparguthaben der chinesischen Haushalte freizusetzen, um die negativen Auswirkungen des Handelskriegs zu begrenzen.<\/p>\n<p><strong>Europ\u00e4ische Aktienm\u00e4rkte \u00fcbertreffen ihre amerikanischen Pendants<\/strong><\/p>\n<p>Vor diesem Hintergrund weisen die europ\u00e4ischen M\u00e4rkte im ersten Quartal trotz allem eine positive Performance auf. Der Eurostoxx (mit reinvestierten Dividenden) stieg um 7,7 %, w\u00e4hrend der STOXX Europe 600 um 5,9 % zulegte, wobei er in geringerem Masse von den deutschen Ank\u00fcndigungen profitierte. Die europ\u00e4ischen Binnensektoren, wie Banken, Versicherungen und Telekommunikation, waren die Haupttreiber der Indizes, w\u00e4hrend zyklische Sektoren mit internationalem Engagement, wie Freizeit und Reisen, Medien, Einzelhandel und Konsumg\u00fcter, litten. Der europ\u00e4ische Technologiesektor hielt sich mit einem begrenzten R\u00fcckgang von rund 3 % trotz der Bef\u00fcrchtungen \u00fcber die Auswirkungen des Handelskriegs und des \u201eDeepseek-Moments\u201c, der den Sektor in den USA stark beeintr\u00e4chtigte, gut. Ein weiteres markantes Element in der Entwicklung der europ\u00e4ischen Indizes war die deutliche Outperformance des Value-Stils, die sich gegen\u00fcber dem Wachstumsstil auf 10,7 % belief.<\/p>\n<p>[\/et_pb_text][dnxte_minimal_image_hover image=&#8220;https:\/\/sphere.swiss\/wp-content\/uploads\/2025\/05\/rtc1.png&#8220; dnxtmih_image_hover_effect=&#8220;effect9&#8243; _builder_version=&#8220;4.27.3&#8243; _module_preset=&#8220;default&#8220; module_alignment=&#8220;center&#8220; global_colors_info=&#8220;{}&#8220;][\/dnxte_minimal_image_hover][et_pb_text _builder_version=&#8220;4.27.3&#8243; _module_preset=&#8220;default&#8220; text_font=&#8220;|300|||||||&#8220; text_line_height=&#8220;1.9em&#8220; header_font=&#8220;|600|||||||&#8220; header_2_font=&#8220;|600|||||||&#8220; header_2_text_align=&#8220;left&#8220; header_2_font_size=&#8220;31px&#8220; text_orientation=&#8220;justified&#8220; global_colors_info=&#8220;{}&#8220;]<\/p>\n<p>In diesem ersten Quartal ist es jedoch vor allem die Outperformance der europ\u00e4ischen Indizes gegen\u00fcber den amerikanischen Indizes, die die Aufmerksamkeit auf sich zieht: Der S&amp;P 500 ist in diesem Zeitraum um 8,4 % und der Nasdaq um 14,1 % zur\u00fcckgegangen! Dennoch ist diese Outperformance \u00fcber einen l\u00e4ngeren Zeitraum hinweg zu beobachten. Nur wenige Anleger denken daran, dass der Eurostoxx den S&amp;P 500 \u00fcber drei Jahre hinweg in Euro besser abschneidet oder dass der Bankensektor in der Eurozone in diesem Zeitraum dreimal so gut abschneidet wie die \u201eMagnificent 7\u201c. Und diese Dynamik k\u00f6nnte sich fortsetzen, wie die beginnende R\u00fcckkehr der Zufl\u00fcsse nach Europa zeigt, die eine Neuausrichtung der Allokationen widerspiegelt. Seit Jahresbeginn ist der Greenback direkt betroffen, wie alle Trump-Trades, und es wird immer schwieriger, die Bewertungen, die im S&amp;P 500 nahe den historischen H\u00f6chstst\u00e4nden liegen, in einem zunehmend unsicheren Umfeld zu rechtfertigen, welches insbesondere das Verbrauchervertrauen in den USA beeintr\u00e4chtigt. Dar\u00fcber hinaus belastet der R\u00fcckgang der M\u00e4rkte auch den Wohlstandseffekt, der durch die Sorge \u00fcber den inflation\u00e4ren Charakter der angek\u00fcndigten Z\u00f6lle noch verst\u00e4rkt wird.<\/p>\n<p>[\/et_pb_text][dnxte_minimal_image_hover image=&#8220;https:\/\/sphere.swiss\/wp-content\/uploads\/2025\/05\/rtc2.png&#8220; dnxtmih_image_hover_effect=&#8220;effect9&#8243; _builder_version=&#8220;4.27.3&#8243; _module_preset=&#8220;default&#8220; module_alignment=&#8220;center&#8220; global_colors_info=&#8220;{}&#8220;][\/dnxte_minimal_image_hover][et_pb_text _builder_version=&#8220;4.27.3&#8243; _module_preset=&#8220;default&#8220; text_font=&#8220;|300|||||||&#8220; text_line_height=&#8220;1.9em&#8220; header_font=&#8220;|600|||||||&#8220; header_2_font=&#8220;|600|||||||&#8220; header_2_text_align=&#8220;left&#8220; header_2_font_size=&#8220;31px&#8220; text_orientation=&#8220;justified&#8220; global_colors_info=&#8220;{}&#8220;]<\/p>\n<p>Interessanterweise hat sich die Outperformance Europas gegen\u00fcber den US-M\u00e4rkten seit Jahresbeginn selbst in der Phase des Marktr\u00fcckgangs nach dem \u201eLiberation Day\u201c nicht ver\u00e4ndert. Die europ\u00e4ischen M\u00e4rkte haben den R\u00fcckgang der US-M\u00e4rkte also nicht verst\u00e4rkt. Dies ist auf mehrere Faktoren zur\u00fcckzuf\u00fchren: den Verlust des Status des Dollars als \u201esicherer Hafen\u201c und das Ende des amerikanischen Exzeptionalismus, den deutschen Stimulus und den Remilitarisierungsplan, die das Wachstum in Europa st\u00fctzen d\u00fcrften, die Politik der EZB, die in einem weniger inflation\u00e4ren Umfeld als in den USA als akkommodierender wahrgenommen wird, und schliesslich die attraktiveren Bewertungen in Europa mit einem KGV von 12,2 (unter ihrem historischen Median von 13,3) gegen\u00fcber 18,6 auf der anderen Seite des Atlantiks (bei einem historischen Median von 16).<\/p>\n<p>\u00a0<strong>Hoffnungen trotz Handelskrieg<\/strong><\/p>\n<p>Wir sind weiterhin davon \u00fcberzeugt, dass das deutsche Infrastrukturprogramm und der europ\u00e4ische Remilitarisierungsplan die europ\u00e4ische Wirtschaft mittel- bis langfristig st\u00fctzen werden. Die positiven Auswirkungen dieser Massnahmen, welche die zyklischen und inl\u00e4ndischen Sektoren in Europa getragen hatten, wurden durch die Ank\u00fcndigung der Z\u00f6lle vollst\u00e4ndig ausgel\u00f6scht. Auch wenn klar ist, dass die ersten greifbaren Auswirkungen dieser Massnahmen auf die Wirtschaft erst nach 2025 sp\u00fcrbar sein werden, symbolisieren sie eine \u00c4nderung der Haushaltspolitik in Europa, die haupts\u00e4chlich durch die deutsche Entscheidung verk\u00f6rpert wird, im Gegensatz zu den USA, wo sich die Trump-Regierung auf die Reduzierung des Defizits konzentriert.<\/p>\n<p>Es bleibt nat\u00fcrlich dabei, dass die kurzfristige Unsicherheit im Zusammenhang mit den angek\u00fcndigten Entscheidungen \u00fcber die Z\u00f6lle hoch bleibt. Die Situation ist schwer vorhersehbar, zumal sie von der Entscheidung eines einzelnen Mannes abh\u00e4ngt. Wird Donald Trump seine Haltung beibehalten und damit riskieren, die USA und wahrscheinlich auch die Weltwirtschaft in eine Rezession zu st\u00fcrzen? Der Eurostoxx hat jedenfalls alle positiven Nachrichten vom Jahresanfang ausgel\u00f6scht und beginnt, eine Verlangsamung der Aktivit\u00e4t einzupreisen. Die Z\u00f6lle werden sich nat\u00fcrlich auf die Handelspartner der USA auswirken, aber die Europ\u00e4ische Union scheint f\u00fcr Washington keine Priorit\u00e4t zu haben. Dies k\u00f6nnte dazu f\u00fchren, dass das Wachstum in der Eurozone bis zur Einf\u00fchrung des deutschen Konjunkturpakets anh\u00e4lt. Andere Katalysatoren k\u00f6nnten den europ\u00e4ischen M\u00e4rkten auf k\u00fcrzere Sicht helfen: die L\u00f6sung des in den Hintergrund ger\u00fcckten russisch-ukrainischen Konflikts sowie ein Konjunkturprogramm in China, von dem Europa indirekt am meisten profitieren w\u00fcrde.<\/p>\n<p><strong>Anthony Bailly<\/strong><\/p>\n<p><strong>Rothschild &amp; Co Asset Management<\/strong><\/p>\n<p>Anthony Bailly begann seine Karriere in der Finanz- und Wirtschaftspr\u00fcfung in der Abteilung f\u00fcr mittlere und grosse Unternehmen in den Sektoren Telekommunikation und Medien bei Arthur Andersen und anschliessend bei Ernst &amp; Young (2001 bis 2007). Im Februar 2007 kam er zu Rothschild &amp; Co Asset Management als Finanzanalyst f\u00fcr die Sektoren Automobil, Medien, Technologie und Kommunikation. Im September 2016 wurde er Co-Manager der Large-Cap-Aktienfonds f\u00fcr die Eurozone\/Europa. 2020 wird er Aktienmanager und Mitglied des Anlageausschusses bei Rothschild &amp; Co Asset Management. Im Jahr 2024 wurde er Leiter des europ\u00e4ischen Aktienmanagements bei Rothschild and Co AM. Anthony ist Absolvent der Kedge Business School Option Finance und hat ein DEUG in Wirtschaftswissenschaften der Universit\u00e4t Bordeaux IV.<\/p>\n<p>&nbsp;<\/p>\n<p>[\/et_pb_text][\/et_pb_column][et_pb_column type=&#8220;1_3&#8243; _builder_version=&#8220;4.19.4&#8243; _module_preset=&#8220;default&#8220; global_colors_info=&#8220;{}&#8220;][et_pb_text _builder_version=&#8220;4.20.0&#8243; _module_preset=&#8220;default&#8220; header_3_font=&#8220;|300|||||||&#8220; header_3_text_align=&#8220;justify&#8220; header_3_font_size=&#8220;17px&#8220; global_colors_info=&#8220;{}&#8220;]<\/p>\n<ul><\/ul>\n<p>Vous aimerez aussi<\/p>\n<p>[\/et_pb_text][et_pb_blog_extras use_category_filterable_blog=&#8220;on&#8220; show_all_posts_link=&#8220;on&#8220; posts_number=&#8220;3&#8243; include_categories=&#8220;5&#8243; blog_layout=&#8220;block_extended&#8220; show_author=&#8220;off&#8220; category_meta_colors=&#8220;on&#8220; show_comments=&#8220;off&#8220; show_read_time=&#8220;on&#8220; _builder_version=&#8220;4.20.0&#8243; _module_preset=&#8220;default&#8220; header_font=&#8220;|600|||||||&#8220; header_font_size=&#8220;20px&#8220; body_font=&#8220;|300|||||||&#8220; body_text_align=&#8220;left&#8220; global_colors_info=&#8220;{}&#8220;][\/et_pb_blog_extras][\/et_pb_column][\/et_pb_row][et_pb_row _builder_version=&#8220;4.20.0&#8243; _module_preset=&#8220;default&#8220; saved_tabs=&#8220;all&#8220; global_colors_info=&#8220;{}&#8220;][et_pb_column type=&#8220;4_4&#8243; _builder_version=&#8220;4.20.0&#8243; _module_preset=&#8220;default&#8220; global_colors_info=&#8220;{}&#8220;][et_pb_blog_extras posts_number=&#8220;3&#8243; include_categories=&#8220;5,6,8,7&#8243; blog_layout=&#8220;block_extended&#8220; show_author=&#8220;off&#8220; category_meta_colors=&#8220;on&#8220; show_comments=&#8220;off&#8220; show_read_time=&#8220;on&#8220; _builder_version=&#8220;4.20.2&#8243; _module_preset=&#8220;default&#8220; header_font=&#8220;|600|||||||&#8220; header_font_size=&#8220;20px&#8220; body_font=&#8220;|300|||||||&#8220; body_text_align=&#8220;left&#8220; global_colors_info=&#8220;{}&#8220;][\/et_pb_blog_extras][\/et_pb_column][\/et_pb_row][\/et_pb_section][et_pb_section fb_built=&#8220;1&#8243; module_id=&#8220;contact&#8220; _builder_version=&#8220;4.20.0&#8243; _module_preset=&#8220;default&#8220; background_color=&#8220;rgba(0,0,0,0.03)&#8220; min_height=&#8220;835px&#8220; custom_padding=&#8220;1px|||||&#8220; saved_tabs=&#8220;all&#8220; locked=&#8220;off&#8220; global_colors_info=&#8220;{}&#8220;][et_pb_row _builder_version=&#8220;4.20.0&#8243; _module_preset=&#8220;default&#8220; global_colors_info=&#8220;{}&#8220;][et_pb_column type=&#8220;4_4&#8243; _builder_version=&#8220;4.20.0&#8243; _module_preset=&#8220;default&#8220; global_colors_info=&#8220;{}&#8220;][et_pb_text _builder_version=&#8220;4.20.1&#8243; _module_preset=&#8220;default&#8220; text_font=&#8220;||||||||&#8220; header_font=&#8220;|600|||||||dotted&#8220; header_text_align=&#8220;left&#8220; header_text_color=&#8220;#353740&#8243; header_font_size=&#8220;51px&#8220; header_2_font=&#8220;|300|||||||&#8220; header_2_font_size=&#8220;42px&#8220; header_2_line_height=&#8220;0.8em&#8220; background_size=&#8220;initial&#8220; background_position=&#8220;top_left&#8220; background_repeat=&#8220;repeat&#8220; custom_margin=&#8220;4px||-1px||false|false&#8220; animation_style=&#8220;fade&#8220; header_font_size_last_edited=&#8220;off|desktop&#8220; locked=&#8220;off&#8220; global_colors_info=&#8220;{}&#8220;]<\/p>\n<h1>Sphere<\/h1>\n<h2>The Swiss Financial Arena<\/h2>\n<p>[\/et_pb_text][et_pb_text _builder_version=&#8220;4.20.2&#8243; _module_preset=&#8220;default&#8220; custom_margin=&#8220;33px||26px|||&#8220; global_colors_info=&#8220;{}&#8220;]<\/p>\n<h6><span style=\"color: #1a343f;\">Depuis sa cr\u00e9ation en 2016, SPHERE anime la communaut\u00e9 des pairs de la finance suisse. <\/span><span style=\"color: #1a343f;\">Elle leur propose en fran\u00e7ais et en allemand diff\u00e9rents espaces d\u2019\u00e9change avec un magazine, des hors-s\u00e9rie r\u00e9serv\u00e9s aux Institutionnels, un site web et des \u00e9v\u00e8nements organis\u00e9s tout au long de l\u2019ann\u00e9e pour aborder de nombreuses th\u00e9matiques. <\/span><span style=\"color: #1a343f;\">Toutes les parties prenantes de la finance, l&#8217;un des plus importants secteurs \u00e9conomiques de Suisse, ont ainsi \u00e0 leur disposition une plateforme o\u00f9 il leur est possible d\u2019\u00e9changer, de s\u2019informer et de progresser.<\/span><\/h6>\n<p>[\/et_pb_text][\/et_pb_column][\/et_pb_row][et_pb_row column_structure=&#8220;1_3,1_3,1_3&#8243; _builder_version=&#8220;4.20.0&#8243; _module_preset=&#8220;default&#8220; global_colors_info=&#8220;{}&#8220;][et_pb_column type=&#8220;1_3&#8243; _builder_version=&#8220;4.20.0&#8243; _module_preset=&#8220;default&#8220; global_colors_info=&#8220;{}&#8220;][et_pb_image src=&#8220;https:\/\/sphere.swiss\/wp-content\/uploads\/2024\/11\/Couv_Mediakit-2025_Newsletter.png&#8220; title_text=&#8220;Couv_Mediakit 2025_Newsletter&#8220; _builder_version=&#8220;4.27.0&#8243; _module_preset=&#8220;default&#8220; width=&#8220;63%&#8220; module_alignment=&#8220;center&#8220; global_colors_info=&#8220;{}&#8220;][\/et_pb_image][et_pb_button button_url=&#8220;https:\/\/sphere.swiss\/wp-content\/uploads\/2024\/11\/Mediakit-2025_La-Newsletter-SPHERE_FR.pdf&#8220; button_text=&#8220;La Newsletter SPHERE &#8211; t\u00e9l\u00e9charger le Mediakit 2025&#8243; button_alignment=&#8220;center&#8220; _builder_version=&#8220;4.27.0&#8243; _module_preset=&#8220;default&#8220; custom_button=&#8220;on&#8220; button_text_size=&#8220;18px&#8220; button_text_color=&#8220;#FFFFFF&#8220; button_bg_color=&#8220;#031042&#8243; button_border_width=&#8220;0px&#8220; button_border_color=&#8220;#031042&#8243; button_border_radius=&#8220;13px&#8220; button_font=&#8220;|300|||||||&#8220; button_icon=&#8220;&#x22;||divi||400&#8243; button_icon_color=&#8220;#FFFFFF&#8220; global_colors_info=&#8220;{}&#8220; button_text_color__hover_enabled=&#8220;on|hover&#8220; button_text_color__hover=&#8220;#E0D0B1&#8243;][\/et_pb_button][et_pb_button button_url=&#8220;https:\/\/sphere.swiss\/wp-content\/uploads\/2023\/08\/SPHERE_EVENTS_CatalogueAgenda_2024.pdf&#8220; url_new_window=&#8220;on&#8220; button_text=&#8220;T\u00e9l\u00e9charger le catalogue des \u00e9v\u00e9nements&#8220; button_alignment=&#8220;center&#8220; disabled_on=&#8220;on|on|on&#8220; _builder_version=&#8220;4.24.2&#8243; _module_preset=&#8220;default&#8220; custom_button=&#8220;on&#8220; button_text_size=&#8220;18px&#8220; button_text_color=&#8220;#FFFFFF&#8220; button_bg_color=&#8220;#031042&#8243; button_border_width=&#8220;0px&#8220; button_border_color=&#8220;#031042&#8243; button_border_radius=&#8220;13px&#8220; button_font=&#8220;|300|||||||&#8220; button_icon=&#8220;&#x22;||divi||400&#8243; button_icon_color=&#8220;#FFFFFF&#8220; disabled=&#8220;on&#8220; global_colors_info=&#8220;{}&#8220; button_text_color__hover_enabled=&#8220;on|hover&#8220; button_text_color__hover=&#8220;#E0D0B1&#8243;][\/et_pb_button][\/et_pb_column][et_pb_column type=&#8220;1_3&#8243; _builder_version=&#8220;4.20.0&#8243; _module_preset=&#8220;default&#8220; global_colors_info=&#8220;{}&#8220;][et_pb_text _builder_version=&#8220;4.20.0&#8243; _module_preset=&#8220;default&#8220; global_colors_info=&#8220;{}&#8220; link_text_color__hover_enabled=&#8220;on|hover&#8220; link_text_color__hover=&#8220;#031042&#8243;]<\/p>\n<p>R\u00c9DACTION<br \/><a href=\"mailto:redaction@sphere.swiss\">redaction[at]sphere.swiss<\/a><\/p>\n<p>PUBLICIT\u00c9<br \/><a href=\"mailto:advertise@sphere.swiss\">advertise[at]sphere.swiss<\/a><\/p>\n<p>ABONNEMENT<br \/><a href=\"mailto:contact@sphere.swiss\">contact[at]sphere.swiss<\/a><\/p>\n<p>\u00c9V\u00c9NEMENTS<br \/><a href=\"mailto:events@sphere.swiss\">events[at]sphere.swiss<\/a><\/p>\n<p>[\/et_pb_text][\/et_pb_column][et_pb_column type=&#8220;1_3&#8243; _builder_version=&#8220;4.20.0&#8243; _module_preset=&#8220;default&#8220; global_colors_info=&#8220;{}&#8220;][et_pb_button button_url=&#8220;https:\/\/sphere.swiss\/de\/datenschutzrichtlinie\/&#8220; button_text=&#8220;Politique de confidentialit\u00e9&#8220; button_alignment=&#8220;center&#8220; _builder_version=&#8220;4.21.0&#8243; _module_preset=&#8220;default&#8220; custom_button=&#8220;on&#8220; button_text_size=&#8220;18px&#8220; button_text_color=&#8220;#FFFFFF&#8220; button_bg_color=&#8220;#031042&#8243; button_border_width=&#8220;0px&#8220; button_border_color=&#8220;#031042&#8243; button_border_radius=&#8220;13px&#8220; button_font=&#8220;|300|||||||&#8220; button_icon=&#8220;&#x22;||divi||400&#8243; button_icon_color=&#8220;#FFFFFF&#8220; global_colors_info=&#8220;{}&#8220; button_text_color__hover_enabled=&#8220;on|hover&#8220; button_text_color__hover=&#8220;#E0D0B1&#8243;][\/et_pb_button][et_pb_text _builder_version=&#8220;4.20.0&#8243; _module_preset=&#8220;default&#8220; link_text_color=&#8220;#bab893&#8243; global_colors_info=&#8220;{}&#8220; link_text_color__hover_enabled=&#8220;on|hover&#8220; link_text_color__hover=&#8220;#031042&#8243;]<\/p>\n<p><span>Case postale 1806<\/span><br \/><span>CH-1211 Gen\u00e8ve 1<\/span><\/p>\n<p><span>P <a href=\"tel:+41225661731\">+41 22 566 17 32<\/a><\/span><\/p>\n<p>[\/et_pb_text][et_pb_social_media_follow _builder_version=&#8220;4.27.0&#8243; _module_preset=&#8220;default&#8220; global_colors_info=&#8220;{}&#8220;][et_pb_social_media_follow_network social_network=&#8220;linkedin&#8220; url=&#8220;https:\/\/www.linkedin.com\/company\/sphere-publishing\/&#8220; _builder_version=&#8220;4.20.0&#8243; _module_preset=&#8220;default&#8220; background_color=&#8220;#007bb6&#8243; global_colors_info=&#8220;{}&#8220; follow_button=&#8220;off&#8220; url_new_window=&#8220;on&#8220;]linkedin[\/et_pb_social_media_follow_network][et_pb_social_media_follow_network social_network=&#8220;youtube&#8220; url=&#8220;https:\/\/www.youtube.com\/channel\/UCbuR1yloLuiBDbV3R3iyk2w&#8220; _builder_version=&#8220;4.27.0&#8243; _module_preset=&#8220;default&#8220; background_color=&#8220;#a82400&#8243; global_colors_info=&#8220;{}&#8220; follow_button=&#8220;off&#8220; url_new_window=&#8220;on&#8220;]youtube[\/et_pb_social_media_follow_network][\/et_pb_social_media_follow][et_pb_text _builder_version=&#8220;4.20.0&#8243; _module_preset=&#8220;default&#8220; global_colors_info=&#8220;{}&#8220; link_text_color__hover_enabled=&#8220;on|hover&#8220; link_text_color__hover=&#8220;#031042&#8243;]<\/p>\n<p>\u00a9 2023 Sphere Magazine<\/p>\n<p>Site r\u00e9alis\u00e9 par <a href=\"https:\/\/shbrands.ch\" target=\"_blank\" rel=\"noopener\">Swiss House of Brands<\/a><\/p>\n<p>[\/et_pb_text][\/et_pb_column][\/et_pb_row][\/et_pb_section][et_pb_section fb_built=&#8220;1&#8243; _builder_version=&#8220;4.27.3&#8243; _module_preset=&#8220;default&#8220; global_colors_info=&#8220;{}&#8220;][et_pb_row _builder_version=&#8220;4.27.3&#8243; _module_preset=&#8220;default&#8220; global_colors_info=&#8220;{}&#8220;][et_pb_column type=&#8220;4_4&#8243; _builder_version=&#8220;4.27.3&#8243; _module_preset=&#8220;default&#8220; global_colors_info=&#8220;{}&#8220;][\/et_pb_column][\/et_pb_row][\/et_pb_section][et_pb_section fb_built=&#8220;1&#8243; _builder_version=&#8220;4.27.3&#8243; _module_preset=&#8220;default&#8220; global_colors_info=&#8220;{}&#8220;][et_pb_row _builder_version=&#8220;4.27.3&#8243; _module_preset=&#8220;default&#8220; global_colors_info=&#8220;{}&#8220;][et_pb_column type=&#8220;4_4&#8243; _builder_version=&#8220;4.27.3&#8243; _module_preset=&#8220;default&#8220; global_colors_info=&#8220;{}&#8220;][\/et_pb_column][\/et_pb_row][\/et_pb_section]<\/p>\n","protected":false},"excerpt":{"rendered":"<p>Anthony Bailly<br \/>\nRothschild &#038; Co Asset Management<br \/>\nDie europ\u00e4ischen M\u00e4rkte sind die ersten Profiteure der Politik von Donald Trump<\/p>\n","protected":false},"author":2,"featured_media":17642,"comment_status":"closed","ping_status":"closed","sticky":false,"template":"","format":"standard","meta":{"_et_pb_use_builder":"on","_et_pb_old_content":"","_et_gb_content_width":"","_mo_disable_npp":"","footnotes":""},"categories":[91],"tags":[1575,1642],"class_list":["post-18469","post","type-post","status-publish","format-standard","has-post-thumbnail","hentry","category-investment-loesungen","tag-anthony-bailly-2","tag-rothschild-co-de"],"yoast_head":"<!-- This site is optimized with the Yoast SEO plugin v25.3.1 - https:\/\/yoast.com\/wordpress\/plugins\/seo\/ -->\n<title>Boomerang - Sphere<\/title>\n<meta name=\"description\" content=\"Im Laufe des Quartals dr\u00fcckten die Verz\u00f6gerungen der neuen Trump-Regierung auf die Stimmung der amerikanischen Verbraucher und Unternehmen. Die j\u00fcngsten Entscheidungen zu den Z\u00f6llen verst\u00e4rkten diese Bef\u00fcrchtungen und veranlassten die Beobachter, sich \u00fcber eine m\u00f6gliche Rezession in den USA Gedanken zu machen.\" \/>\n<meta name=\"robots\" content=\"index, follow, max-snippet:-1, max-image-preview:large, max-video-preview:-1\" \/>\n<link rel=\"canonical\" href=\"https:\/\/sphere.swiss\/de\/boomerang\/\" \/>\n<meta property=\"og:locale\" content=\"de_DE\" \/>\n<meta property=\"og:type\" content=\"article\" \/>\n<meta property=\"og:title\" content=\"Boomerang - Sphere\" \/>\n<meta property=\"og:description\" content=\"Im Laufe des Quartals dr\u00fcckten die Verz\u00f6gerungen der neuen Trump-Regierung auf die Stimmung der amerikanischen Verbraucher und Unternehmen. Die j\u00fcngsten Entscheidungen zu den Z\u00f6llen verst\u00e4rkten diese Bef\u00fcrchtungen und veranlassten die Beobachter, sich \u00fcber eine m\u00f6gliche Rezession in den USA Gedanken zu machen.\" \/>\n<meta property=\"og:url\" content=\"https:\/\/sphere.swiss\/de\/boomerang\/\" \/>\n<meta property=\"og:site_name\" content=\"Sphere\" \/>\n<meta property=\"article:published_time\" content=\"2025-05-11T09:22:20+00:00\" \/>\n<meta property=\"article:modified_time\" content=\"2025-05-30T07:31:40+00:00\" \/>\n<meta property=\"og:image\" content=\"https:\/\/sphere.swiss\/wp-content\/uploads\/2025\/04\/Anthony-Bailly1250.jpg\" \/>\n\t<meta property=\"og:image:width\" content=\"1250\" \/>\n\t<meta property=\"og:image:height\" content=\"625\" \/>\n\t<meta property=\"og:image:type\" content=\"image\/jpeg\" \/>\n<meta name=\"author\" content=\"sph3r3\" \/>\n<meta name=\"twitter:card\" content=\"summary_large_image\" \/>\n<meta name=\"twitter:label1\" content=\"Verfasst von\" \/>\n\t<meta name=\"twitter:data1\" content=\"sph3r3\" \/>\n\t<meta name=\"twitter:label2\" content=\"Gesch\u00e4tzte Lesezeit\" \/>\n\t<meta name=\"twitter:data2\" content=\"11\u00a0Minuten\" \/>\n<script type=\"application\/ld+json\" class=\"yoast-schema-graph\">{\"@context\":\"https:\/\/schema.org\",\"@graph\":[{\"@type\":\"WebPage\",\"@id\":\"https:\/\/sphere.swiss\/de\/boomerang\/\",\"url\":\"https:\/\/sphere.swiss\/de\/boomerang\/\",\"name\":\"Boomerang - Sphere\",\"isPartOf\":{\"@id\":\"https:\/\/sphere.swiss\/de\/#website\"},\"primaryImageOfPage\":{\"@id\":\"https:\/\/sphere.swiss\/de\/boomerang\/#primaryimage\"},\"image\":{\"@id\":\"https:\/\/sphere.swiss\/de\/boomerang\/#primaryimage\"},\"thumbnailUrl\":\"https:\/\/sphere.swiss\/wp-content\/uploads\/2025\/04\/Anthony-Bailly1250.jpg\",\"datePublished\":\"2025-05-11T09:22:20+00:00\",\"dateModified\":\"2025-05-30T07:31:40+00:00\",\"author\":{\"@id\":\"https:\/\/sphere.swiss\/de\/#\/schema\/person\/bd0c19ac051bb08ddf812db864e2ea78\"},\"description\":\"Im Laufe des Quartals dr\u00fcckten die Verz\u00f6gerungen der neuen Trump-Regierung auf die Stimmung der amerikanischen Verbraucher und Unternehmen. Die j\u00fcngsten Entscheidungen zu den Z\u00f6llen verst\u00e4rkten diese Bef\u00fcrchtungen und veranlassten die Beobachter, sich \u00fcber eine m\u00f6gliche Rezession in den USA Gedanken zu machen.\",\"breadcrumb\":{\"@id\":\"https:\/\/sphere.swiss\/de\/boomerang\/#breadcrumb\"},\"inLanguage\":\"de\",\"potentialAction\":[{\"@type\":\"ReadAction\",\"target\":[\"https:\/\/sphere.swiss\/de\/boomerang\/\"]}]},{\"@type\":\"ImageObject\",\"inLanguage\":\"de\",\"@id\":\"https:\/\/sphere.swiss\/de\/boomerang\/#primaryimage\",\"url\":\"https:\/\/sphere.swiss\/wp-content\/uploads\/2025\/04\/Anthony-Bailly1250.jpg\",\"contentUrl\":\"https:\/\/sphere.swiss\/wp-content\/uploads\/2025\/04\/Anthony-Bailly1250.jpg\",\"width\":1250,\"height\":625},{\"@type\":\"BreadcrumbList\",\"@id\":\"https:\/\/sphere.swiss\/de\/boomerang\/#breadcrumb\",\"itemListElement\":[{\"@type\":\"ListItem\",\"position\":1,\"name\":\"Home\",\"item\":\"https:\/\/sphere.swiss\/de\/\"},{\"@type\":\"ListItem\",\"position\":2,\"name\":\"Boomerang\"}]},{\"@type\":\"WebSite\",\"@id\":\"https:\/\/sphere.swiss\/de\/#website\",\"url\":\"https:\/\/sphere.swiss\/de\/\",\"name\":\"Sphere\",\"description\":\"The Swiss Financial Arena\",\"alternateName\":\"Sphere Swiss\",\"potentialAction\":[{\"@type\":\"SearchAction\",\"target\":{\"@type\":\"EntryPoint\",\"urlTemplate\":\"https:\/\/sphere.swiss\/de\/?s={search_term_string}\"},\"query-input\":{\"@type\":\"PropertyValueSpecification\",\"valueRequired\":true,\"valueName\":\"search_term_string\"}}],\"inLanguage\":\"de\"},{\"@type\":\"Person\",\"@id\":\"https:\/\/sphere.swiss\/de\/#\/schema\/person\/bd0c19ac051bb08ddf812db864e2ea78\",\"name\":\"sph3r3\",\"image\":{\"@type\":\"ImageObject\",\"inLanguage\":\"de\",\"@id\":\"https:\/\/sphere.swiss\/de\/#\/schema\/person\/image\/\",\"url\":\"https:\/\/secure.gravatar.com\/avatar\/580395011f6a1ca0bf8ae70d71d5015878f64832766767a33c46af64643053a7?s=96&d=mm&r=g\",\"contentUrl\":\"https:\/\/secure.gravatar.com\/avatar\/580395011f6a1ca0bf8ae70d71d5015878f64832766767a33c46af64643053a7?s=96&d=mm&r=g\",\"caption\":\"sph3r3\"},\"url\":\"https:\/\/sphere.swiss\/de\/author\/sph3r3\/\"}]}<\/script>\n<!-- \/ Yoast SEO plugin. -->","yoast_head_json":{"title":"Boomerang - Sphere","description":"Im Laufe des Quartals dr\u00fcckten die Verz\u00f6gerungen der neuen Trump-Regierung auf die Stimmung der amerikanischen Verbraucher und Unternehmen. Die j\u00fcngsten Entscheidungen zu den Z\u00f6llen verst\u00e4rkten diese Bef\u00fcrchtungen und veranlassten die Beobachter, sich \u00fcber eine m\u00f6gliche Rezession in den USA Gedanken zu machen.","robots":{"index":"index","follow":"follow","max-snippet":"max-snippet:-1","max-image-preview":"max-image-preview:large","max-video-preview":"max-video-preview:-1"},"canonical":"https:\/\/sphere.swiss\/de\/boomerang\/","og_locale":"de_DE","og_type":"article","og_title":"Boomerang - Sphere","og_description":"Im Laufe des Quartals dr\u00fcckten die Verz\u00f6gerungen der neuen Trump-Regierung auf die Stimmung der amerikanischen Verbraucher und Unternehmen. Die j\u00fcngsten Entscheidungen zu den Z\u00f6llen verst\u00e4rkten diese Bef\u00fcrchtungen und veranlassten die Beobachter, sich \u00fcber eine m\u00f6gliche Rezession in den USA Gedanken zu machen.","og_url":"https:\/\/sphere.swiss\/de\/boomerang\/","og_site_name":"Sphere","article_published_time":"2025-05-11T09:22:20+00:00","article_modified_time":"2025-05-30T07:31:40+00:00","og_image":[{"width":1250,"height":625,"url":"https:\/\/sphere.swiss\/wp-content\/uploads\/2025\/04\/Anthony-Bailly1250.jpg","type":"image\/jpeg"}],"author":"sph3r3","twitter_card":"summary_large_image","twitter_misc":{"Verfasst von":"sph3r3","Gesch\u00e4tzte Lesezeit":"11\u00a0Minuten"},"schema":{"@context":"https:\/\/schema.org","@graph":[{"@type":"WebPage","@id":"https:\/\/sphere.swiss\/de\/boomerang\/","url":"https:\/\/sphere.swiss\/de\/boomerang\/","name":"Boomerang - Sphere","isPartOf":{"@id":"https:\/\/sphere.swiss\/de\/#website"},"primaryImageOfPage":{"@id":"https:\/\/sphere.swiss\/de\/boomerang\/#primaryimage"},"image":{"@id":"https:\/\/sphere.swiss\/de\/boomerang\/#primaryimage"},"thumbnailUrl":"https:\/\/sphere.swiss\/wp-content\/uploads\/2025\/04\/Anthony-Bailly1250.jpg","datePublished":"2025-05-11T09:22:20+00:00","dateModified":"2025-05-30T07:31:40+00:00","author":{"@id":"https:\/\/sphere.swiss\/de\/#\/schema\/person\/bd0c19ac051bb08ddf812db864e2ea78"},"description":"Im Laufe des Quartals dr\u00fcckten die Verz\u00f6gerungen der neuen Trump-Regierung auf die Stimmung der amerikanischen Verbraucher und Unternehmen. Die j\u00fcngsten Entscheidungen zu den Z\u00f6llen verst\u00e4rkten diese Bef\u00fcrchtungen und veranlassten die Beobachter, sich \u00fcber eine m\u00f6gliche Rezession in den USA Gedanken zu machen.","breadcrumb":{"@id":"https:\/\/sphere.swiss\/de\/boomerang\/#breadcrumb"},"inLanguage":"de","potentialAction":[{"@type":"ReadAction","target":["https:\/\/sphere.swiss\/de\/boomerang\/"]}]},{"@type":"ImageObject","inLanguage":"de","@id":"https:\/\/sphere.swiss\/de\/boomerang\/#primaryimage","url":"https:\/\/sphere.swiss\/wp-content\/uploads\/2025\/04\/Anthony-Bailly1250.jpg","contentUrl":"https:\/\/sphere.swiss\/wp-content\/uploads\/2025\/04\/Anthony-Bailly1250.jpg","width":1250,"height":625},{"@type":"BreadcrumbList","@id":"https:\/\/sphere.swiss\/de\/boomerang\/#breadcrumb","itemListElement":[{"@type":"ListItem","position":1,"name":"Home","item":"https:\/\/sphere.swiss\/de\/"},{"@type":"ListItem","position":2,"name":"Boomerang"}]},{"@type":"WebSite","@id":"https:\/\/sphere.swiss\/de\/#website","url":"https:\/\/sphere.swiss\/de\/","name":"Sphere","description":"The Swiss Financial Arena","alternateName":"Sphere Swiss","potentialAction":[{"@type":"SearchAction","target":{"@type":"EntryPoint","urlTemplate":"https:\/\/sphere.swiss\/de\/?s={search_term_string}"},"query-input":{"@type":"PropertyValueSpecification","valueRequired":true,"valueName":"search_term_string"}}],"inLanguage":"de"},{"@type":"Person","@id":"https:\/\/sphere.swiss\/de\/#\/schema\/person\/bd0c19ac051bb08ddf812db864e2ea78","name":"sph3r3","image":{"@type":"ImageObject","inLanguage":"de","@id":"https:\/\/sphere.swiss\/de\/#\/schema\/person\/image\/","url":"https:\/\/secure.gravatar.com\/avatar\/580395011f6a1ca0bf8ae70d71d5015878f64832766767a33c46af64643053a7?s=96&d=mm&r=g","contentUrl":"https:\/\/secure.gravatar.com\/avatar\/580395011f6a1ca0bf8ae70d71d5015878f64832766767a33c46af64643053a7?s=96&d=mm&r=g","caption":"sph3r3"},"url":"https:\/\/sphere.swiss\/de\/author\/sph3r3\/"}]}},"_links":{"self":[{"href":"https:\/\/sphere.swiss\/de\/wp-json\/wp\/v2\/posts\/18469","targetHints":{"allow":["GET"]}}],"collection":[{"href":"https:\/\/sphere.swiss\/de\/wp-json\/wp\/v2\/posts"}],"about":[{"href":"https:\/\/sphere.swiss\/de\/wp-json\/wp\/v2\/types\/post"}],"author":[{"embeddable":true,"href":"https:\/\/sphere.swiss\/de\/wp-json\/wp\/v2\/users\/2"}],"replies":[{"embeddable":true,"href":"https:\/\/sphere.swiss\/de\/wp-json\/wp\/v2\/comments?post=18469"}],"version-history":[{"count":11,"href":"https:\/\/sphere.swiss\/de\/wp-json\/wp\/v2\/posts\/18469\/revisions"}],"predecessor-version":[{"id":18550,"href":"https:\/\/sphere.swiss\/de\/wp-json\/wp\/v2\/posts\/18469\/revisions\/18550"}],"wp:featuredmedia":[{"embeddable":true,"href":"https:\/\/sphere.swiss\/de\/wp-json\/wp\/v2\/media\/17642"}],"wp:attachment":[{"href":"https:\/\/sphere.swiss\/de\/wp-json\/wp\/v2\/media?parent=18469"}],"wp:term":[{"taxonomy":"category","embeddable":true,"href":"https:\/\/sphere.swiss\/de\/wp-json\/wp\/v2\/categories?post=18469"},{"taxonomy":"post_tag","embeddable":true,"href":"https:\/\/sphere.swiss\/de\/wp-json\/wp\/v2\/tags?post=18469"}],"curies":[{"name":"wp","href":"https:\/\/api.w.org\/{rel}","templated":true}]}}