{"id":18640,"date":"2025-05-28T10:02:18","date_gmt":"2025-05-28T08:02:18","guid":{"rendered":"https:\/\/sphere.swiss\/?p=18640"},"modified":"2025-06-04T10:41:50","modified_gmt":"2025-06-04T08:41:50","slug":"umkehrung","status":"publish","type":"post","link":"https:\/\/sphere.swiss\/de\/umkehrung\/","title":{"rendered":"Umkehrung"},"content":{"rendered":"<p>[et_pb_section fb_built=&#8220;1&#8243; _builder_version=&#8220;4.19.4&#8243; _module_preset=&#8220;default&#8220; custom_padding=&#8220;1px|||||&#8220; global_colors_info=&#8220;{}&#8220;][et_pb_row disabled_on=&#8220;off|off|off&#8220; _builder_version=&#8220;4.27.3&#8243; _module_preset=&#8220;default&#8220; width=&#8220;100%&#8220; max_width=&#8220;903px&#8220; custom_margin=&#8220;0px|auto||auto|false|false&#8220; custom_padding=&#8220;0px||173px||false|false&#8220; disabled=&#8220;on&#8220; global_module=&#8220;580&#8243; saved_tabs=&#8220;all&#8220; locked=&#8220;off&#8220; global_colors_info=&#8220;{}&#8220;][et_pb_column type=&#8220;4_4&#8243; admin_label=&#8220;Colonne&#8220; _builder_version=&#8220;4.27.3&#8243; _module_preset=&#8220;default&#8220; global_colors_info=&#8220;{}&#8220;][et_pb_code _builder_version=&#8220;4.27.3&#8243; _module_preset=&#8220;default&#8220; display_conditions=&#8220;W10=&#8220; global_colors_info=&#8220;{}&#8220;][\/et_pb_code][\/et_pb_column][\/et_pb_row][et_pb_row column_structure=&#8220;2_3,1_3&#8243; _builder_version=&#8220;4.20.0&#8243; _module_preset=&#8220;default&#8220; global_colors_info=&#8220;{}&#8220;][et_pb_column type=&#8220;2_3&#8243; _builder_version=&#8220;4.19.4&#8243; _module_preset=&#8220;default&#8220; global_colors_info=&#8220;{}&#8220;][et_pb_text _builder_version=&#8220;4.27.3&#8243; _module_preset=&#8220;default&#8220; header_3_font=&#8220;|300|||||||&#8220; header_3_text_align=&#8220;justify&#8220; header_3_font_size=&#8220;17px&#8220; custom_padding=&#8220;0px|||||&#8220; hover_enabled=&#8220;0&#8243; global_colors_info=&#8220;{}&#8220; sticky_enabled=&#8220;0&#8243;]<\/p>\n<h2><span style=\"color: #339966;\"><strong>Investment L\u00f6sungen<\/strong><\/span><\/h2>\n<ul>\n<li style=\"list-style-type: none;\">\n<ul>\n<li><strong>Anthony Bailly<\/strong><\/li>\n<li><strong>Leiter der Abteilung f\u00fcr europ\u00e4ische Aktien<\/strong><\/li>\n<li><strong>Rothschild &amp; Co Asset Management<\/strong><\/li>\n<\/ul>\n<\/li>\n<\/ul>\n<h2><strong>Wie kann man vom neuen Schwung in der Eurozone profitieren?<\/strong><\/h2>\n<p>Der ver\u00e4nderte geopolitische Kontext hat Europa dank der wiedergefundenen Einheit der Eurozone und dem Ende der Haushaltssparmassnahmen in Deutschland einen neuen Impuls verliehen. Diese neue Situation d\u00fcrfte vor allem dem Value-Stil und den Mitgliedsl\u00e4ndern der Union \u00fcber Sektoren zugute kommen, die von diesem Impuls profitieren. Hierzu einige Erl\u00e4uterungen.<\/p>\n<p>[\/et_pb_text][dnxte_minimal_image_hover image=&#8220;https:\/\/sphere.swiss\/wp-content\/uploads\/2025\/04\/Anthony-Bailly1250.jpg&#8220; dnxtmih_image_hover_effect=&#8220;effect9&#8243; _builder_version=&#8220;4.27.3&#8243; _module_preset=&#8220;default&#8220; module_alignment=&#8220;center&#8220; global_colors_info=&#8220;{}&#8220;][\/dnxte_minimal_image_hover][et_pb_text _builder_version=&#8220;4.27.3&#8243; _module_preset=&#8220;default&#8220; text_font=&#8220;|300|||||||&#8220; text_line_height=&#8220;1.9em&#8220; header_font=&#8220;|600|||||||&#8220; header_2_font=&#8220;|600|||||||&#8220; header_2_text_align=&#8220;left&#8220; header_2_font_size=&#8220;31px&#8220; text_orientation=&#8220;justified&#8220; global_colors_info=&#8220;{}&#8220;]<\/p>\n<p><strong>Was hat sich f\u00fcr Europa seit Jahresbeginn ge\u00e4ndert?<\/strong><\/p>\n<p>Zwei wichtige Ereignisse haben die europ\u00e4ische Landschaft im ersten Quartal 2025 gepr\u00e4gt und ihre wirtschaftlichen und strategischen Perspektiven neu definiert.<\/p>\n<p>Zum einen wirkte die R\u00fcckkehr Donald Trumps in das Weisse Haus, begleitet von dem erkl\u00e4rten Willen, sich innerhalb der NATO milit\u00e4risch zur\u00fcckzuziehen, wie ein Elektroschock. Angesichts dieses Drucks gelang es Europa, sich zusammenzuschliessen und eine Form der Einheit in Bezug auf die Verteidigung seiner Souver\u00e4nit\u00e4t wiederzufinden. Das Ergebnis: Die Europ\u00e4ische Kommission lancierte den Verteidigungsplan ReArm Europe, der mit 800 Milliarden Euro ausgestattet ist, und lockerte die Haushaltsregeln, um den Mitgliedstaaten die Finanzierung dieser gemeinsamen Anstrengung zu erm\u00f6glichen.<\/p>\n<p>Andererseits markierte die Wahl von Bundeskanzler Friedrich Merz einen historischen Wendepunkt in Deutschland. Berlin beendete seine Politik der Haushaltsdisziplin, brach mit der Schuldenbremse, der ber\u00fchmten Schuldenbremse, und k\u00fcndigte einen Infrastrukturplan in H\u00f6he von 500 Milliarden Euro \u00fcber zehn Jahre an, zus\u00e4tzlich zu seinem Beitrag zum Plan ReArm Europe. Das Ausmass dieser Haushaltsverpflichtung ist beispiellos, da sie in Bezug auf die Anstrengungen der Kombination des Marshall-Plans und des Wiedervereinigungsplans gleichkommt.<\/p>\n<p>Nach Ansicht einiger \u00d6konomen k\u00f6nnte dieses neue europ\u00e4ische \u201ewhatever it takes\u201c bis 2030 eine j\u00e4hrliche Auswirkung von +1,5 % auf das Wachstum in Deutschland und von +0,8 % auf das Wachstum in der Eurozone erreichen. Eine Dynamik, die den Wirtschaftspfad des Alten Kontinents neu definieren k\u00f6nnte.<\/p>\n<p><strong>Kann die Outperformance Europas gegen\u00fcber den USA anhalten?<\/strong><\/p>\n<p>Seit Jahresbeginn verzeichnete der Eurostoxx am 16. Mai eine Performance von 14,1 %, w\u00e4hrend der S&amp;P 500 um 5,5 % zur\u00fcckfiel. Die Performance der beiden Indizes \u00fcber drei Jahre ist gleich &#8211; Eurostoxx +50%, S&amp;P 500 +52% -, und w\u00e4hrend die Magnificent 7 im Rampenlicht standen &#8211; +111% \u00fcber drei Jahre, ebenfalls am 16. Mai -, war die Performance der Bankaktien in der Eurozone im selben Zeitraum weitaus h\u00f6her. Sie belief sich auf +179 %. Dies ist ein starkes Signal f\u00fcr die neue Dynamik einiger europ\u00e4ischer Sektoren gegen\u00fcber den US-amerikanischen Technologieriesen.<\/p>\n<p>Unser gr\u00f6sstes Interesse gilt jedoch der Zukunft. In diesem Punkt scheinen sich die Wege der USA und Europas zu unterscheiden. Auf der anderen Seite des Atlantiks muss Donald Trump mit einem kaum noch tragbaren Defizit fertig werden, was ihn zu heiklen wirtschaftlichen Entscheidungen zwingt. Im Gegensatz dazu verf\u00fcgt die Eurozone heute \u00fcber einen beispiellosen Handlungsspielraum, der aus der fr\u00fcheren Haushaltsdisziplin Deutschlands resultiert und durch den j\u00fcngsten europ\u00e4ischen Aufr\u00fcstungsplan gest\u00e4rkt wird.\u00a0 Diese Dynamik k\u00f6nnte die europ\u00e4ische Outperformance gegen\u00fcber den USA dauerhaft verankern.<\/p>\n<p>Auf k\u00fcrzere Sicht spricht auch das geldpolitische Umfeld f\u00fcr Europa. Aufgrund der im Vergleich zu den USA geringeren Inflation konnte die EZB die Leitzinsen auf 2,25% senken und hat seit Jahresbeginn bereits drei Zinssenkungen vorgenommen. Die Fed hingegen h\u00e4lt an ihrer restriktiven Geldpolitik fest, mit Zinss\u00e4tzen, die immer noch bei 4,5 % liegen. Diese Differenz schafft ein g\u00fcnstigeres Umfeld f\u00fcr das Wachstum in Europa.<\/p>\n<p>Schliesslich best\u00e4tigen auch die Investitionsstr\u00f6me das gestiegene Interesse. Die Eurozone, die seit der Invasion in der Ukraine vernachl\u00e4ssigt wurde, zieht wieder internationale Investoren an. Die Bewegung ist noch immer bescheiden &#8211; die j\u00fcngsten Zufl\u00fcsse machen nur ein Viertel der kumulierten Abfl\u00fcsse seit M\u00e4rz 2022 aus -, aber der Trend ist in Gang gekommen. Mit weiterhin attraktiven Bewertungen und einem makro\u00f6konomischen Momentum, das sich zugunsten Europas umkehrt, scheinen die Bedingungen f\u00fcr eine Beschleunigung dieser Str\u00f6me gegeben zu sein<strong>.<\/strong><\/p>\n<p>[\/et_pb_text][dnxte_minimal_image_hover image=&#8220;https:\/\/sphere.swiss\/wp-content\/uploads\/2025\/05\/G1e.jpg&#8220; dnxtmih_image_hover_effect=&#8220;effect9&#8243; _builder_version=&#8220;4.27.3&#8243; _module_preset=&#8220;default&#8220; module_alignment=&#8220;center&#8220; global_colors_info=&#8220;{}&#8220;][\/dnxte_minimal_image_hover][et_pb_text _builder_version=&#8220;4.27.3&#8243; _module_preset=&#8220;default&#8220; text_font=&#8220;|300|||||||&#8220; text_line_height=&#8220;1.9em&#8220; header_font=&#8220;|600|||||||&#8220; header_2_font=&#8220;|600|||||||&#8220; header_2_text_align=&#8220;left&#8220; header_2_font_size=&#8220;31px&#8220; text_orientation=&#8220;justified&#8220; global_colors_info=&#8220;{}&#8220;]<\/p>\n<p><strong>Inwiefern erscheint Ihnen die Eurozone attraktiver?<\/strong><\/p>\n<p>In den letzten f\u00fcnf Jahren durchlief der Euroraum zwei Phasen relativer Underperformance gegen\u00fcber dem Rest Europas: die erste in der ersten H\u00e4lfte des Jahres 2022 aufgrund der unmittelbaren Auswirkungen des russisch-ukrainischen Konflikts und die zweite zwischen April und August 2024 aufgrund der politischen Unsicherheiten, die die beiden gr\u00f6ssten Volkswirtschaften, Deutschland und Frankreich, belasteten.<\/p>\n<p>Die Eurozone weist, trotz dieser punktuellen Episoden, \u00fcber 1, 2, 3 und 5 Jahre hinaus eine Outperformance gegen\u00fcber Europa insgesamt auf. Diese Widerstandsf\u00e4higkeit zeugt nicht nur von der St\u00e4rke ihres wirtschaftlichen Fundaments, sondern auch von der Relevanz ihrer Union.<\/p>\n<p>Diese Union bleibt noch verbesserungsf\u00e4hig, wird aber heute durch die aktuellen geopolitischen Herausforderungen, insbesondere durch die R\u00fcckkehr von Donald Trump an die Macht, gest\u00e4rkt. In dieser Hinsicht stellen das massive Konjunkturprogramm Deutschlands, der gr\u00f6ssten Volkswirtschaft der Zone, und die Wiederbewaffnung der Europ\u00e4ischen Union ebenso strukturelle wie aussergew\u00f6hnliche Unterst\u00fctzungsfaktoren dar. Diese Initiativen werden sich nat\u00fcrlich positiv auf die Wirtschaftst\u00e4tigkeit des Kontinents auswirken, aber ihre Auswirkungen werden sich haupts\u00e4chlich auf die Eurozone konzentrieren, deren Zusammenhalt sie zudem st\u00e4rken werden.<\/p>\n<p>Hinzu kommen zwei potenzielle Katalysatoren, die diesen Trend noch verst\u00e4rken k\u00f6nnten. Da ist zun\u00e4chst die Unterzeichnung eines Friedensabkommens in der Ukraine, deren Wiederaufbau auf 500 bis 1 Billion US-Dollar gesch\u00e4tzt wird. Abgesehen von den direkten Auswirkungen auf die Wirtschaftst\u00e4tigkeit k\u00f6nnte eine geopolitische Normalisierung eine Neubewertung der Aufwertung in der Region beg\u00fcnstigen. Dann w\u00e4re da noch eine m\u00f6gliche Haushaltshilfe in China, die noch aussteht und der Eurozone, dem wichtigsten Handelspartner des Reichs der Mitte, direkt zugutek\u00e4me.<\/p>\n<p>[\/et_pb_text][dnxte_minimal_image_hover image=&#8220;https:\/\/sphere.swiss\/wp-content\/uploads\/2025\/05\/G2e.jpg&#8220; dnxtmih_image_hover_effect=&#8220;effect9&#8243; _builder_version=&#8220;4.27.3&#8243; _module_preset=&#8220;default&#8220; module_alignment=&#8220;center&#8220; global_colors_info=&#8220;{}&#8220;][\/dnxte_minimal_image_hover][et_pb_text _builder_version=&#8220;4.27.3&#8243; _module_preset=&#8220;default&#8220; text_font=&#8220;|300|||||||&#8220; text_line_height=&#8220;1.9em&#8220; header_font=&#8220;|600|||||||&#8220; header_2_font=&#8220;|600|||||||&#8220; header_2_text_align=&#8220;left&#8220; header_2_font_size=&#8220;31px&#8220; text_orientation=&#8220;justified&#8220; global_colors_info=&#8220;{}&#8220;]<\/p>\n<p><strong>Kann der Value-Stil von diesem neuen Umfeld profitieren?<\/strong><\/p>\n<p>Zun\u00e4chst ist festzustellen, dass der Value-Stil in den letzten zwanzig Jahren tendenziell besser abgeschnitten hat als der Growth-Stil &#8211; besonders wenn der europ\u00e4ische Markt besser abschnitt als der amerikanische Markt. Diese Korrelation l\u00e4sst sich vor allem durch die Sektorstruktur der beiden Regionen erkl\u00e4ren: Europa ist nach wie vor st\u00e4rker in Industrie- und Finanzsektoren engagiert, w\u00e4hrend die US-Indizes von Technologiewerten dominiert werden. Dieser Trend hat sich seit Jahresbeginn erneut best\u00e4tigt, denn Value \u00fcbertrifft Growth um mehr als 13 Punkte.<\/p>\n<p>Wenn man bis Ende 2020 zur\u00fcckblickt &#8211; dem Zeitraum, in dem die wirtschaftliche Sichtbarkeit nach dem Covid wieder zunimmt &#8211; betr\u00e4gt der Abstand mittlerweile mehr als 28 Punkte. Dies ist insbesondere auf die Normalisierung der Zinss\u00e4tze und die damit einhergehende Verbesserung der Rentabilit\u00e4t der Finanzsektoren zur\u00fcckzuf\u00fchren. Trotz dieser Dynamik bleibt die Bewertungspr\u00e4mie f\u00fcr Wachstumswerte jedoch hoch: Sie liegt bei rund +90 % gegen\u00fcber Value-Aktien, w\u00e4hrend der Durchschnitt vor Covid bei rund +65 % liegt. Unserer Ansicht nach muss sich diese Pr\u00e4mie weiter normalisieren, zumal wir uns nun in einem v\u00f6llig anderen Umfeld der Zins- und Geldpolitik bewegen als in dem Jahrzehnt nach der Finanzkrise.<\/p>\n<p>Kurzfristig sollte dies durch die erneute Steigung der Zinskurve geschehen, welche die Finanzsektoren weiterhin unterst\u00fctzen sollte. Mittel- bis langfristig sind die oben erw\u00e4hnten Konjunkturprogramme strukturell f\u00f6rderlich f\u00fcr die Konjunktur in der Zone und werden das Wachstum in den zyklischen Value-Sektoren wie Bau, Rohstoffe und Industrieausr\u00fcster unterst\u00fctzen. Die Wiederbelebung der Region wird einen immer besseren N\u00e4hrboden f\u00fcr Finanzsektoren bilden, da diese stark inl\u00e4ndisch gepr\u00e4gt sind.<\/p>\n<p><strong>Anthony Bailly<\/strong><\/p>\n<p><strong>Rothschild &amp; Co Asset Management<\/strong><\/p>\n<p>Anthony Bailly begann seine Karriere in der Finanz- und Wirtschaftspr\u00fcfung in der Abteilung f\u00fcr mittlere und grosse Unternehmen in den Sektoren Telekommunikation und Medien bei Arthur Andersen und anschliessend bei Ernst &amp; Young (2001 bis 2007). Im Februar 2007 kam er zu Rothschild &amp; Co Asset Management als Finanzanalyst f\u00fcr die Sektoren Automobil, Medien, Technologie und Kommunikation. Im September 2016 wurde er Co-Manager der Large-Cap-Aktienfonds f\u00fcr die Eurozone\/Europa. 2020 wird er Aktienmanager und Mitglied des Anlageausschusses bei Rothschild &amp; Co Asset Management. Im Jahr 2024 wurde er Leiter des europ\u00e4ischen Aktienmanagements bei Rothschild and Co AM. Anthony ist Absolvent der Kedge Business School Option Finance und hat ein DEUG in Wirtschaftswissenschaften der Universit\u00e4t Bordeaux IV.<\/p>\n<p>&nbsp;<\/p>\n<p>[\/et_pb_text][\/et_pb_column][et_pb_column type=&#8220;1_3&#8243; _builder_version=&#8220;4.19.4&#8243; _module_preset=&#8220;default&#8220; global_colors_info=&#8220;{}&#8220;][et_pb_text _builder_version=&#8220;4.20.0&#8243; _module_preset=&#8220;default&#8220; header_3_font=&#8220;|300|||||||&#8220; header_3_text_align=&#8220;justify&#8220; header_3_font_size=&#8220;17px&#8220; global_colors_info=&#8220;{}&#8220;]<\/p>\n<ul><\/ul>\n<p>Vous aimerez aussi<\/p>\n<p>[\/et_pb_text][et_pb_blog_extras use_category_filterable_blog=&#8220;on&#8220; show_all_posts_link=&#8220;on&#8220; posts_number=&#8220;3&#8243; include_categories=&#8220;5&#8243; blog_layout=&#8220;block_extended&#8220; show_author=&#8220;off&#8220; category_meta_colors=&#8220;on&#8220; show_comments=&#8220;off&#8220; show_read_time=&#8220;on&#8220; _builder_version=&#8220;4.20.0&#8243; _module_preset=&#8220;default&#8220; header_font=&#8220;|600|||||||&#8220; header_font_size=&#8220;20px&#8220; body_font=&#8220;|300|||||||&#8220; body_text_align=&#8220;left&#8220; global_colors_info=&#8220;{}&#8220;][\/et_pb_blog_extras][\/et_pb_column][\/et_pb_row][et_pb_row _builder_version=&#8220;4.20.0&#8243; _module_preset=&#8220;default&#8220; saved_tabs=&#8220;all&#8220; global_colors_info=&#8220;{}&#8220;][et_pb_column type=&#8220;4_4&#8243; _builder_version=&#8220;4.20.0&#8243; _module_preset=&#8220;default&#8220; global_colors_info=&#8220;{}&#8220;][et_pb_blog_extras posts_number=&#8220;3&#8243; include_categories=&#8220;5,6,8,7&#8243; blog_layout=&#8220;block_extended&#8220; show_author=&#8220;off&#8220; category_meta_colors=&#8220;on&#8220; show_comments=&#8220;off&#8220; show_read_time=&#8220;on&#8220; _builder_version=&#8220;4.20.2&#8243; _module_preset=&#8220;default&#8220; header_font=&#8220;|600|||||||&#8220; header_font_size=&#8220;20px&#8220; body_font=&#8220;|300|||||||&#8220; body_text_align=&#8220;left&#8220; global_colors_info=&#8220;{}&#8220;][\/et_pb_blog_extras][\/et_pb_column][\/et_pb_row][\/et_pb_section][et_pb_section fb_built=&#8220;1&#8243; module_id=&#8220;contact&#8220; _builder_version=&#8220;4.20.0&#8243; _module_preset=&#8220;default&#8220; background_color=&#8220;rgba(0,0,0,0.03)&#8220; min_height=&#8220;835px&#8220; custom_padding=&#8220;1px|||||&#8220; saved_tabs=&#8220;all&#8220; locked=&#8220;off&#8220; global_colors_info=&#8220;{}&#8220;][et_pb_row _builder_version=&#8220;4.20.0&#8243; _module_preset=&#8220;default&#8220; global_colors_info=&#8220;{}&#8220;][et_pb_column type=&#8220;4_4&#8243; _builder_version=&#8220;4.20.0&#8243; _module_preset=&#8220;default&#8220; global_colors_info=&#8220;{}&#8220;][et_pb_text _builder_version=&#8220;4.20.1&#8243; _module_preset=&#8220;default&#8220; text_font=&#8220;||||||||&#8220; header_font=&#8220;|600|||||||dotted&#8220; header_text_align=&#8220;left&#8220; header_text_color=&#8220;#353740&#8243; header_font_size=&#8220;51px&#8220; header_2_font=&#8220;|300|||||||&#8220; header_2_font_size=&#8220;42px&#8220; header_2_line_height=&#8220;0.8em&#8220; background_size=&#8220;initial&#8220; background_position=&#8220;top_left&#8220; background_repeat=&#8220;repeat&#8220; custom_margin=&#8220;4px||-1px||false|false&#8220; animation_style=&#8220;fade&#8220; header_font_size_last_edited=&#8220;off|desktop&#8220; locked=&#8220;off&#8220; global_colors_info=&#8220;{}&#8220;]<\/p>\n<h1>Sphere<\/h1>\n<h2>The Swiss Financial Arena<\/h2>\n<p>[\/et_pb_text][et_pb_text _builder_version=&#8220;4.20.2&#8243; _module_preset=&#8220;default&#8220; custom_margin=&#8220;33px||26px|||&#8220; global_colors_info=&#8220;{}&#8220;]<\/p>\n<h6><span style=\"color: #1a343f;\">Depuis sa cr\u00e9ation en 2016, SPHERE anime la communaut\u00e9 des pairs de la finance suisse. <\/span><span style=\"color: #1a343f;\">Elle leur propose en fran\u00e7ais et en allemand diff\u00e9rents espaces d\u2019\u00e9change avec un magazine, des hors-s\u00e9rie r\u00e9serv\u00e9s aux Institutionnels, un site web et des \u00e9v\u00e8nements organis\u00e9s tout au long de l\u2019ann\u00e9e pour aborder de nombreuses th\u00e9matiques. <\/span><span style=\"color: #1a343f;\">Toutes les parties prenantes de la finance, l&#8217;un des plus importants secteurs \u00e9conomiques de Suisse, ont ainsi \u00e0 leur disposition une plateforme o\u00f9 il leur est possible d\u2019\u00e9changer, de s\u2019informer et de progresser.<\/span><\/h6>\n<p>[\/et_pb_text][\/et_pb_column][\/et_pb_row][et_pb_row column_structure=&#8220;1_3,1_3,1_3&#8243; _builder_version=&#8220;4.20.0&#8243; _module_preset=&#8220;default&#8220; global_colors_info=&#8220;{}&#8220;][et_pb_column type=&#8220;1_3&#8243; _builder_version=&#8220;4.20.0&#8243; _module_preset=&#8220;default&#8220; global_colors_info=&#8220;{}&#8220;][et_pb_image src=&#8220;https:\/\/sphere.swiss\/wp-content\/uploads\/2024\/11\/Couv_Mediakit-2025_Newsletter.png&#8220; title_text=&#8220;Couv_Mediakit 2025_Newsletter&#8220; _builder_version=&#8220;4.27.0&#8243; _module_preset=&#8220;default&#8220; width=&#8220;63%&#8220; module_alignment=&#8220;center&#8220; global_colors_info=&#8220;{}&#8220;][\/et_pb_image][et_pb_button button_url=&#8220;https:\/\/sphere.swiss\/wp-content\/uploads\/2024\/11\/Mediakit-2025_La-Newsletter-SPHERE_FR.pdf&#8220; button_text=&#8220;La Newsletter SPHERE &#8211; t\u00e9l\u00e9charger le Mediakit 2025&#8243; button_alignment=&#8220;center&#8220; _builder_version=&#8220;4.27.0&#8243; _module_preset=&#8220;default&#8220; custom_button=&#8220;on&#8220; button_text_size=&#8220;18px&#8220; button_text_color=&#8220;#FFFFFF&#8220; button_bg_color=&#8220;#031042&#8243; button_border_width=&#8220;0px&#8220; button_border_color=&#8220;#031042&#8243; button_border_radius=&#8220;13px&#8220; button_font=&#8220;|300|||||||&#8220; button_icon=&#8220;&#x22;||divi||400&#8243; button_icon_color=&#8220;#FFFFFF&#8220; global_colors_info=&#8220;{}&#8220; button_text_color__hover_enabled=&#8220;on|hover&#8220; button_text_color__hover=&#8220;#E0D0B1&#8243;][\/et_pb_button][et_pb_button button_url=&#8220;https:\/\/sphere.swiss\/wp-content\/uploads\/2023\/08\/SPHERE_EVENTS_CatalogueAgenda_2024.pdf&#8220; url_new_window=&#8220;on&#8220; button_text=&#8220;T\u00e9l\u00e9charger le catalogue des \u00e9v\u00e9nements&#8220; button_alignment=&#8220;center&#8220; disabled_on=&#8220;on|on|on&#8220; _builder_version=&#8220;4.24.2&#8243; _module_preset=&#8220;default&#8220; custom_button=&#8220;on&#8220; button_text_size=&#8220;18px&#8220; button_text_color=&#8220;#FFFFFF&#8220; button_bg_color=&#8220;#031042&#8243; button_border_width=&#8220;0px&#8220; button_border_color=&#8220;#031042&#8243; button_border_radius=&#8220;13px&#8220; button_font=&#8220;|300|||||||&#8220; button_icon=&#8220;&#x22;||divi||400&#8243; button_icon_color=&#8220;#FFFFFF&#8220; disabled=&#8220;on&#8220; global_colors_info=&#8220;{}&#8220; button_text_color__hover_enabled=&#8220;on|hover&#8220; button_text_color__hover=&#8220;#E0D0B1&#8243;][\/et_pb_button][\/et_pb_column][et_pb_column type=&#8220;1_3&#8243; _builder_version=&#8220;4.20.0&#8243; _module_preset=&#8220;default&#8220; global_colors_info=&#8220;{}&#8220;][et_pb_text _builder_version=&#8220;4.20.0&#8243; _module_preset=&#8220;default&#8220; global_colors_info=&#8220;{}&#8220; link_text_color__hover_enabled=&#8220;on|hover&#8220; link_text_color__hover=&#8220;#031042&#8243;]<\/p>\n<p>R\u00c9DACTION<br \/><a href=\"mailto:redaction@sphere.swiss\">redaction[at]sphere.swiss<\/a><\/p>\n<p>PUBLICIT\u00c9<br \/><a href=\"mailto:advertise@sphere.swiss\">advertise[at]sphere.swiss<\/a><\/p>\n<p>ABONNEMENT<br \/><a href=\"mailto:contact@sphere.swiss\">contact[at]sphere.swiss<\/a><\/p>\n<p>\u00c9V\u00c9NEMENTS<br \/><a href=\"mailto:events@sphere.swiss\">events[at]sphere.swiss<\/a><\/p>\n<p>[\/et_pb_text][\/et_pb_column][et_pb_column type=&#8220;1_3&#8243; _builder_version=&#8220;4.20.0&#8243; _module_preset=&#8220;default&#8220; global_colors_info=&#8220;{}&#8220;][et_pb_button button_url=&#8220;https:\/\/sphere.swiss\/de\/datenschutzrichtlinie\/&#8220; button_text=&#8220;Politique de confidentialit\u00e9&#8220; button_alignment=&#8220;center&#8220; _builder_version=&#8220;4.21.0&#8243; _module_preset=&#8220;default&#8220; custom_button=&#8220;on&#8220; button_text_size=&#8220;18px&#8220; button_text_color=&#8220;#FFFFFF&#8220; button_bg_color=&#8220;#031042&#8243; button_border_width=&#8220;0px&#8220; button_border_color=&#8220;#031042&#8243; button_border_radius=&#8220;13px&#8220; button_font=&#8220;|300|||||||&#8220; button_icon=&#8220;&#x22;||divi||400&#8243; button_icon_color=&#8220;#FFFFFF&#8220; global_colors_info=&#8220;{}&#8220; button_text_color__hover_enabled=&#8220;on|hover&#8220; button_text_color__hover=&#8220;#E0D0B1&#8243;][\/et_pb_button][et_pb_text _builder_version=&#8220;4.20.0&#8243; _module_preset=&#8220;default&#8220; link_text_color=&#8220;#bab893&#8243; global_colors_info=&#8220;{}&#8220; link_text_color__hover_enabled=&#8220;on|hover&#8220; link_text_color__hover=&#8220;#031042&#8243;]<\/p>\n<p><span>Case postale 1806<\/span><br \/><span>CH-1211 Gen\u00e8ve 1<\/span><\/p>\n<p><span>P <a href=\"tel:+41225661731\">+41 22 566 17 32<\/a><\/span><\/p>\n<p>[\/et_pb_text][et_pb_social_media_follow _builder_version=&#8220;4.27.0&#8243; _module_preset=&#8220;default&#8220; global_colors_info=&#8220;{}&#8220;][et_pb_social_media_follow_network social_network=&#8220;linkedin&#8220; url=&#8220;https:\/\/www.linkedin.com\/company\/sphere-publishing\/&#8220; _builder_version=&#8220;4.20.0&#8243; _module_preset=&#8220;default&#8220; background_color=&#8220;#007bb6&#8243; global_colors_info=&#8220;{}&#8220; follow_button=&#8220;off&#8220; url_new_window=&#8220;on&#8220;]linkedin[\/et_pb_social_media_follow_network][et_pb_social_media_follow_network social_network=&#8220;youtube&#8220; url=&#8220;https:\/\/www.youtube.com\/channel\/UCbuR1yloLuiBDbV3R3iyk2w&#8220; _builder_version=&#8220;4.27.0&#8243; _module_preset=&#8220;default&#8220; background_color=&#8220;#a82400&#8243; global_colors_info=&#8220;{}&#8220; follow_button=&#8220;off&#8220; url_new_window=&#8220;on&#8220;]youtube[\/et_pb_social_media_follow_network][\/et_pb_social_media_follow][et_pb_text _builder_version=&#8220;4.20.0&#8243; _module_preset=&#8220;default&#8220; global_colors_info=&#8220;{}&#8220; link_text_color__hover_enabled=&#8220;on|hover&#8220; link_text_color__hover=&#8220;#031042&#8243;]<\/p>\n<p>\u00a9 2023 Sphere Magazine<\/p>\n<p>Site r\u00e9alis\u00e9 par <a href=\"https:\/\/shbrands.ch\" target=\"_blank\" rel=\"noopener\">Swiss House of Brands<\/a><\/p>\n<p>[\/et_pb_text][\/et_pb_column][\/et_pb_row][\/et_pb_section]<\/p>\n","protected":false},"excerpt":{"rendered":"<p>Anthony Bailly<br \/>\nRothschild &#038; Co Asset Management<br \/>\nWie kann man vom neuen Schwung in der Eurozone profitieren?<\/p>\n","protected":false},"author":2,"featured_media":17642,"comment_status":"closed","ping_status":"closed","sticky":false,"template":"","format":"standard","meta":{"_et_pb_use_builder":"on","_et_pb_old_content":"","_et_gb_content_width":"","_mo_disable_npp":"","footnotes":""},"categories":[91],"tags":[1575,1642],"class_list":["post-18640","post","type-post","status-publish","format-standard","has-post-thumbnail","hentry","category-investment-loesungen","tag-anthony-bailly-2","tag-rothschild-co-de"],"yoast_head":"<!-- This site is optimized with the Yoast SEO plugin v25.3.1 - https:\/\/yoast.com\/wordpress\/plugins\/seo\/ -->\n<title>Umkehrung - Sphere<\/title>\n<meta name=\"description\" content=\"Der ver\u00e4nderte geopolitische Kontext hat Europa dank der wiedergefundenen Einheit der Eurozone und dem Ende der Haushaltssparmassnahmen in Deutschland einen neuen Impuls verliehen. Diese neue Situation d\u00fcrfte vor allem dem Value-Stil und den Mitgliedsl\u00e4ndern der Union \u00fcber Sektoren zugute kommen, die von diesem Impuls profitieren. Hierzu einige Erl\u00e4uterungen.\" \/>\n<meta name=\"robots\" content=\"index, follow, max-snippet:-1, max-image-preview:large, max-video-preview:-1\" \/>\n<link rel=\"canonical\" href=\"https:\/\/sphere.swiss\/de\/umkehrung\/\" \/>\n<meta property=\"og:locale\" content=\"de_DE\" \/>\n<meta property=\"og:type\" content=\"article\" \/>\n<meta property=\"og:title\" content=\"Umkehrung - Sphere\" \/>\n<meta property=\"og:description\" content=\"Der ver\u00e4nderte geopolitische Kontext hat Europa dank der wiedergefundenen Einheit der Eurozone und dem Ende der Haushaltssparmassnahmen in Deutschland einen neuen Impuls verliehen. Diese neue Situation d\u00fcrfte vor allem dem Value-Stil und den Mitgliedsl\u00e4ndern der Union \u00fcber Sektoren zugute kommen, die von diesem Impuls profitieren. Hierzu einige Erl\u00e4uterungen.\" \/>\n<meta property=\"og:url\" content=\"https:\/\/sphere.swiss\/de\/umkehrung\/\" \/>\n<meta property=\"og:site_name\" content=\"Sphere\" \/>\n<meta property=\"article:published_time\" content=\"2025-05-28T08:02:18+00:00\" \/>\n<meta property=\"article:modified_time\" content=\"2025-06-04T08:41:50+00:00\" \/>\n<meta property=\"og:image\" content=\"https:\/\/sphere.swiss\/wp-content\/uploads\/2025\/04\/Anthony-Bailly1250.jpg\" \/>\n\t<meta property=\"og:image:width\" content=\"1250\" \/>\n\t<meta property=\"og:image:height\" content=\"625\" \/>\n\t<meta property=\"og:image:type\" content=\"image\/jpeg\" \/>\n<meta name=\"author\" content=\"sph3r3\" \/>\n<meta name=\"twitter:card\" content=\"summary_large_image\" \/>\n<meta name=\"twitter:label1\" content=\"Verfasst von\" \/>\n\t<meta name=\"twitter:data1\" content=\"sph3r3\" \/>\n\t<meta name=\"twitter:label2\" content=\"Gesch\u00e4tzte Lesezeit\" \/>\n\t<meta name=\"twitter:data2\" content=\"11\u00a0Minuten\" \/>\n<script type=\"application\/ld+json\" class=\"yoast-schema-graph\">{\"@context\":\"https:\/\/schema.org\",\"@graph\":[{\"@type\":\"WebPage\",\"@id\":\"https:\/\/sphere.swiss\/de\/umkehrung\/\",\"url\":\"https:\/\/sphere.swiss\/de\/umkehrung\/\",\"name\":\"Umkehrung - Sphere\",\"isPartOf\":{\"@id\":\"https:\/\/sphere.swiss\/de\/#website\"},\"primaryImageOfPage\":{\"@id\":\"https:\/\/sphere.swiss\/de\/umkehrung\/#primaryimage\"},\"image\":{\"@id\":\"https:\/\/sphere.swiss\/de\/umkehrung\/#primaryimage\"},\"thumbnailUrl\":\"https:\/\/sphere.swiss\/wp-content\/uploads\/2025\/04\/Anthony-Bailly1250.jpg\",\"datePublished\":\"2025-05-28T08:02:18+00:00\",\"dateModified\":\"2025-06-04T08:41:50+00:00\",\"author\":{\"@id\":\"https:\/\/sphere.swiss\/de\/#\/schema\/person\/bd0c19ac051bb08ddf812db864e2ea78\"},\"description\":\"Der ver\u00e4nderte geopolitische Kontext hat Europa dank der wiedergefundenen Einheit der Eurozone und dem Ende der Haushaltssparmassnahmen in Deutschland einen neuen Impuls verliehen. Diese neue Situation d\u00fcrfte vor allem dem Value-Stil und den Mitgliedsl\u00e4ndern der Union \u00fcber Sektoren zugute kommen, die von diesem Impuls profitieren. Hierzu einige Erl\u00e4uterungen.\",\"breadcrumb\":{\"@id\":\"https:\/\/sphere.swiss\/de\/umkehrung\/#breadcrumb\"},\"inLanguage\":\"de\",\"potentialAction\":[{\"@type\":\"ReadAction\",\"target\":[\"https:\/\/sphere.swiss\/de\/umkehrung\/\"]}]},{\"@type\":\"ImageObject\",\"inLanguage\":\"de\",\"@id\":\"https:\/\/sphere.swiss\/de\/umkehrung\/#primaryimage\",\"url\":\"https:\/\/sphere.swiss\/wp-content\/uploads\/2025\/04\/Anthony-Bailly1250.jpg\",\"contentUrl\":\"https:\/\/sphere.swiss\/wp-content\/uploads\/2025\/04\/Anthony-Bailly1250.jpg\",\"width\":1250,\"height\":625},{\"@type\":\"BreadcrumbList\",\"@id\":\"https:\/\/sphere.swiss\/de\/umkehrung\/#breadcrumb\",\"itemListElement\":[{\"@type\":\"ListItem\",\"position\":1,\"name\":\"Home\",\"item\":\"https:\/\/sphere.swiss\/de\/\"},{\"@type\":\"ListItem\",\"position\":2,\"name\":\"Umkehrung\"}]},{\"@type\":\"WebSite\",\"@id\":\"https:\/\/sphere.swiss\/de\/#website\",\"url\":\"https:\/\/sphere.swiss\/de\/\",\"name\":\"Sphere\",\"description\":\"The Swiss Financial Arena\",\"alternateName\":\"Sphere Swiss\",\"potentialAction\":[{\"@type\":\"SearchAction\",\"target\":{\"@type\":\"EntryPoint\",\"urlTemplate\":\"https:\/\/sphere.swiss\/de\/?s={search_term_string}\"},\"query-input\":{\"@type\":\"PropertyValueSpecification\",\"valueRequired\":true,\"valueName\":\"search_term_string\"}}],\"inLanguage\":\"de\"},{\"@type\":\"Person\",\"@id\":\"https:\/\/sphere.swiss\/de\/#\/schema\/person\/bd0c19ac051bb08ddf812db864e2ea78\",\"name\":\"sph3r3\",\"image\":{\"@type\":\"ImageObject\",\"inLanguage\":\"de\",\"@id\":\"https:\/\/sphere.swiss\/de\/#\/schema\/person\/image\/\",\"url\":\"https:\/\/secure.gravatar.com\/avatar\/580395011f6a1ca0bf8ae70d71d5015878f64832766767a33c46af64643053a7?s=96&d=mm&r=g\",\"contentUrl\":\"https:\/\/secure.gravatar.com\/avatar\/580395011f6a1ca0bf8ae70d71d5015878f64832766767a33c46af64643053a7?s=96&d=mm&r=g\",\"caption\":\"sph3r3\"},\"url\":\"https:\/\/sphere.swiss\/de\/author\/sph3r3\/\"}]}<\/script>\n<!-- \/ Yoast SEO plugin. -->","yoast_head_json":{"title":"Umkehrung - Sphere","description":"Der ver\u00e4nderte geopolitische Kontext hat Europa dank der wiedergefundenen Einheit der Eurozone und dem Ende der Haushaltssparmassnahmen in Deutschland einen neuen Impuls verliehen. Diese neue Situation d\u00fcrfte vor allem dem Value-Stil und den Mitgliedsl\u00e4ndern der Union \u00fcber Sektoren zugute kommen, die von diesem Impuls profitieren. Hierzu einige Erl\u00e4uterungen.","robots":{"index":"index","follow":"follow","max-snippet":"max-snippet:-1","max-image-preview":"max-image-preview:large","max-video-preview":"max-video-preview:-1"},"canonical":"https:\/\/sphere.swiss\/de\/umkehrung\/","og_locale":"de_DE","og_type":"article","og_title":"Umkehrung - Sphere","og_description":"Der ver\u00e4nderte geopolitische Kontext hat Europa dank der wiedergefundenen Einheit der Eurozone und dem Ende der Haushaltssparmassnahmen in Deutschland einen neuen Impuls verliehen. Diese neue Situation d\u00fcrfte vor allem dem Value-Stil und den Mitgliedsl\u00e4ndern der Union \u00fcber Sektoren zugute kommen, die von diesem Impuls profitieren. Hierzu einige Erl\u00e4uterungen.","og_url":"https:\/\/sphere.swiss\/de\/umkehrung\/","og_site_name":"Sphere","article_published_time":"2025-05-28T08:02:18+00:00","article_modified_time":"2025-06-04T08:41:50+00:00","og_image":[{"width":1250,"height":625,"url":"https:\/\/sphere.swiss\/wp-content\/uploads\/2025\/04\/Anthony-Bailly1250.jpg","type":"image\/jpeg"}],"author":"sph3r3","twitter_card":"summary_large_image","twitter_misc":{"Verfasst von":"sph3r3","Gesch\u00e4tzte Lesezeit":"11\u00a0Minuten"},"schema":{"@context":"https:\/\/schema.org","@graph":[{"@type":"WebPage","@id":"https:\/\/sphere.swiss\/de\/umkehrung\/","url":"https:\/\/sphere.swiss\/de\/umkehrung\/","name":"Umkehrung - Sphere","isPartOf":{"@id":"https:\/\/sphere.swiss\/de\/#website"},"primaryImageOfPage":{"@id":"https:\/\/sphere.swiss\/de\/umkehrung\/#primaryimage"},"image":{"@id":"https:\/\/sphere.swiss\/de\/umkehrung\/#primaryimage"},"thumbnailUrl":"https:\/\/sphere.swiss\/wp-content\/uploads\/2025\/04\/Anthony-Bailly1250.jpg","datePublished":"2025-05-28T08:02:18+00:00","dateModified":"2025-06-04T08:41:50+00:00","author":{"@id":"https:\/\/sphere.swiss\/de\/#\/schema\/person\/bd0c19ac051bb08ddf812db864e2ea78"},"description":"Der ver\u00e4nderte geopolitische Kontext hat Europa dank der wiedergefundenen Einheit der Eurozone und dem Ende der Haushaltssparmassnahmen in Deutschland einen neuen Impuls verliehen. Diese neue Situation d\u00fcrfte vor allem dem Value-Stil und den Mitgliedsl\u00e4ndern der Union \u00fcber Sektoren zugute kommen, die von diesem Impuls profitieren. Hierzu einige Erl\u00e4uterungen.","breadcrumb":{"@id":"https:\/\/sphere.swiss\/de\/umkehrung\/#breadcrumb"},"inLanguage":"de","potentialAction":[{"@type":"ReadAction","target":["https:\/\/sphere.swiss\/de\/umkehrung\/"]}]},{"@type":"ImageObject","inLanguage":"de","@id":"https:\/\/sphere.swiss\/de\/umkehrung\/#primaryimage","url":"https:\/\/sphere.swiss\/wp-content\/uploads\/2025\/04\/Anthony-Bailly1250.jpg","contentUrl":"https:\/\/sphere.swiss\/wp-content\/uploads\/2025\/04\/Anthony-Bailly1250.jpg","width":1250,"height":625},{"@type":"BreadcrumbList","@id":"https:\/\/sphere.swiss\/de\/umkehrung\/#breadcrumb","itemListElement":[{"@type":"ListItem","position":1,"name":"Home","item":"https:\/\/sphere.swiss\/de\/"},{"@type":"ListItem","position":2,"name":"Umkehrung"}]},{"@type":"WebSite","@id":"https:\/\/sphere.swiss\/de\/#website","url":"https:\/\/sphere.swiss\/de\/","name":"Sphere","description":"The Swiss Financial Arena","alternateName":"Sphere Swiss","potentialAction":[{"@type":"SearchAction","target":{"@type":"EntryPoint","urlTemplate":"https:\/\/sphere.swiss\/de\/?s={search_term_string}"},"query-input":{"@type":"PropertyValueSpecification","valueRequired":true,"valueName":"search_term_string"}}],"inLanguage":"de"},{"@type":"Person","@id":"https:\/\/sphere.swiss\/de\/#\/schema\/person\/bd0c19ac051bb08ddf812db864e2ea78","name":"sph3r3","image":{"@type":"ImageObject","inLanguage":"de","@id":"https:\/\/sphere.swiss\/de\/#\/schema\/person\/image\/","url":"https:\/\/secure.gravatar.com\/avatar\/580395011f6a1ca0bf8ae70d71d5015878f64832766767a33c46af64643053a7?s=96&d=mm&r=g","contentUrl":"https:\/\/secure.gravatar.com\/avatar\/580395011f6a1ca0bf8ae70d71d5015878f64832766767a33c46af64643053a7?s=96&d=mm&r=g","caption":"sph3r3"},"url":"https:\/\/sphere.swiss\/de\/author\/sph3r3\/"}]}},"_links":{"self":[{"href":"https:\/\/sphere.swiss\/de\/wp-json\/wp\/v2\/posts\/18640","targetHints":{"allow":["GET"]}}],"collection":[{"href":"https:\/\/sphere.swiss\/de\/wp-json\/wp\/v2\/posts"}],"about":[{"href":"https:\/\/sphere.swiss\/de\/wp-json\/wp\/v2\/types\/post"}],"author":[{"embeddable":true,"href":"https:\/\/sphere.swiss\/de\/wp-json\/wp\/v2\/users\/2"}],"replies":[{"embeddable":true,"href":"https:\/\/sphere.swiss\/de\/wp-json\/wp\/v2\/comments?post=18640"}],"version-history":[{"count":11,"href":"https:\/\/sphere.swiss\/de\/wp-json\/wp\/v2\/posts\/18640\/revisions"}],"predecessor-version":[{"id":18791,"href":"https:\/\/sphere.swiss\/de\/wp-json\/wp\/v2\/posts\/18640\/revisions\/18791"}],"wp:featuredmedia":[{"embeddable":true,"href":"https:\/\/sphere.swiss\/de\/wp-json\/wp\/v2\/media\/17642"}],"wp:attachment":[{"href":"https:\/\/sphere.swiss\/de\/wp-json\/wp\/v2\/media?parent=18640"}],"wp:term":[{"taxonomy":"category","embeddable":true,"href":"https:\/\/sphere.swiss\/de\/wp-json\/wp\/v2\/categories?post=18640"},{"taxonomy":"post_tag","embeddable":true,"href":"https:\/\/sphere.swiss\/de\/wp-json\/wp\/v2\/tags?post=18640"}],"curies":[{"name":"wp","href":"https:\/\/api.w.org\/{rel}","templated":true}]}}