{"id":7931,"date":"2024-01-18T16:24:45","date_gmt":"2024-01-18T15:24:45","guid":{"rendered":"https:\/\/sphere.swiss\/?p=7931"},"modified":"2024-01-22T16:46:24","modified_gmt":"2024-01-22T15:46:24","slug":"veranderungen","status":"publish","type":"post","link":"https:\/\/sphere.swiss\/de\/veranderungen\/","title":{"rendered":"Ver\u00e4nderungen"},"content":{"rendered":"<p>[et_pb_section fb_built=&#8220;1&#8243; _builder_version=&#8220;4.19.4&#8243; _module_preset=&#8220;default&#8220; custom_padding=&#8220;1px|||||&#8220; global_colors_info=&#8220;{}&#8220;][et_pb_row _builder_version=&#8220;4.21.0&#8243; _module_preset=&#8220;default&#8220; width=&#8220;100%&#8220; max_width=&#8220;903px&#8220; custom_margin=&#8220;-16px|auto||auto|false|false&#8220; custom_padding=&#8220;1px||0px|||&#8220; saved_tabs=&#8220;all&#8220; global_colors_info=&#8220;{}&#8220;][et_pb_column type=&#8220;4_4&#8243; _builder_version=&#8220;4.19.4&#8243; _module_preset=&#8220;default&#8220; global_colors_info=&#8220;{}&#8220;][dnxte_logo_carousel_parent dnxt_carousel_autoplay_show_hide=&#8220;off&#8220; dnxt_carousel_centered_slides=&#8220;on&#8220; dnxt_carousel_speed=&#8220;4000&#8243; dnxt_carousel_spacebetween=&#8220;500&#8243; dnxt_carousel_breakpoint_desktop=&#8220;1&#8243; disabled_on=&#8220;on|on|on&#8220; _builder_version=&#8220;4.23&#8243; _module_preset=&#8220;default&#8220; global_colors_info=&#8220;{}&#8220;][dnxte_logo_carousel_child logo_carousel_image=&#8220;https:\/\/sphere.swiss\/wp-content\/uploads\/2023\/07\/banner_website.png&#8220; logo_carousel_alt=&#8220;Journ\u00e9es Solutions GFI 2023&#8243; _builder_version=&#8220;4.21.0&#8243; _module_preset=&#8220;default&#8220; link_option_url=&#8220;https:\/\/sphere.swiss\/evenements\/#gfi&#8220; global_colors_info=&#8220;{}&#8220;][\/dnxte_logo_carousel_child][\/dnxte_logo_carousel_parent][\/et_pb_column][\/et_pb_row][et_pb_row column_structure=&#8220;2_3,1_3&#8243; _builder_version=&#8220;4.20.2&#8243; _module_preset=&#8220;default&#8220; global_colors_info=&#8220;{}&#8220;][et_pb_column type=&#8220;2_3&#8243; _builder_version=&#8220;4.19.4&#8243; _module_preset=&#8220;default&#8220; global_colors_info=&#8220;{}&#8220;][et_pb_text _builder_version=&#8220;4.23.4&#8243; _module_preset=&#8220;default&#8220; header_font_size=&#8220;33px&#8220; header_line_height=&#8220;1.2em&#8220; header_3_font=&#8220;|300|||||||&#8220; header_3_text_align=&#8220;justify&#8220; header_3_font_size=&#8220;17px&#8220; hover_enabled=&#8220;0&#8243; global_colors_info=&#8220;{}&#8220; sticky_enabled=&#8220;0&#8243;]<\/p>\n<ul>\n<li><strong>Capsules<\/strong><\/li>\n<li><strong><span class=\"yt-core-attributed-string yt-core-attributed-string--white-space-pre-wrap\" role=\"text\">Iwan Deplazes<\/span><\/strong><\/li>\n<li><strong><span class=\"yt-core-attributed-string yt-core-attributed-string--white-space-pre-wrap\" role=\"text\">Leiter Asset Management<\/span><\/strong><\/li>\n<li><strong><span class=\"yt-core-attributed-string yt-core-attributed-string--white-space-pre-wrap\" role=\"text\">Z\u00fcrcher Kantonalbank <\/span><\/strong><strong><\/strong><\/li>\n<\/ul>\n<h2><strong>&#8222;Die Pensionskassen sind mit verschiedenen komplexen Ver\u00e4nderungen konfrontiert&#8220;<\/strong><\/h2>\n<p>[\/et_pb_text][et_pb_video src=&#8220;https:\/\/www.youtube.com\/watch?v=WQ_VbcCUY9U&#8220; image_src=&#8220;https:\/\/sphere.swiss\/wp-content\/uploads\/2024\/01\/Interview-Capsule_Iwan_Site.png&#8220; play_icon_color=&#8220;#FFFFFF&#8220; src_last_edited=&#8220;off|desktop&#8220; _builder_version=&#8220;4.23.4&#8243; _module_preset=&#8220;default&#8220; hover_enabled=&#8220;0&#8243; locked=&#8220;off&#8220; global_colors_info=&#8220;{}&#8220; src__hover_enabled=&#8220;off|desktop&#8220; title_text=&#8220;Interview Capsule_Iwan_Site&#8220; sticky_enabled=&#8220;0&#8243;][\/et_pb_video][et_pb_text _builder_version=&#8220;4.23.4&#8243; _module_preset=&#8220;default&#8220; header_font_size=&#8220;33px&#8220; header_line_height=&#8220;1.2em&#8220; header_3_font=&#8220;|300|||||||&#8220; header_3_text_align=&#8220;justify&#8220; header_3_font_size=&#8220;17px&#8220; hover_enabled=&#8220;0&#8243; global_colors_info=&#8220;{}&#8220; sticky_enabled=&#8220;0&#8243;]<\/p>\n<p>Iwan Deplazes, Leiter Asset Management der Z\u00fcrcher Kantonalbank<span>\u00a0spricht im Interview \u00fcber die Herausforderungen f\u00fcr institutionelle Anleger und Pensionskassen. Dazu geh\u00f6ren sowohl regulatorische Themen, demografische Fragen aber auch allgemeine Marktsituation. <\/span><\/p>\n<p>[\/et_pb_text][\/et_pb_column][et_pb_column type=&#8220;1_3&#8243; _builder_version=&#8220;4.19.4&#8243; _module_preset=&#8220;default&#8220; global_colors_info=&#8220;{}&#8220;][et_pb_blog_extras use_category_filterable_blog=&#8220;on&#8220; show_all_posts_link=&#8220;on&#8220; posts_number=&#8220;3&#8243; include_categories=&#8220;5&#8243; blog_layout=&#8220;block_extended&#8220; show_author=&#8220;off&#8220; category_meta_colors=&#8220;on&#8220; show_comments=&#8220;off&#8220; show_read_time=&#8220;on&#8220; _builder_version=&#8220;4.20.0&#8243; _module_preset=&#8220;default&#8220; header_font=&#8220;|600|||||||&#8220; header_font_size=&#8220;20px&#8220; body_font=&#8220;|300|||||||&#8220; body_text_align=&#8220;left&#8220; global_colors_info=&#8220;{}&#8220;][\/et_pb_blog_extras][\/et_pb_column][\/et_pb_row][et_pb_row _builder_version=&#8220;4.20.0&#8243; _module_preset=&#8220;default&#8220; saved_tabs=&#8220;all&#8220; global_colors_info=&#8220;{}&#8220;][et_pb_column type=&#8220;4_4&#8243; _builder_version=&#8220;4.20.0&#8243; _module_preset=&#8220;default&#8220; global_colors_info=&#8220;{}&#8220;][et_pb_blog_extras posts_number=&#8220;3&#8243; include_categories=&#8220;5,6,8,7&#8243; blog_layout=&#8220;block_extended&#8220; show_author=&#8220;off&#8220; category_meta_colors=&#8220;on&#8220; show_comments=&#8220;off&#8220; show_read_time=&#8220;on&#8220; _builder_version=&#8220;4.20.2&#8243; _module_preset=&#8220;default&#8220; header_font=&#8220;|600|||||||&#8220; header_font_size=&#8220;20px&#8220; body_font=&#8220;|300|||||||&#8220; body_text_align=&#8220;left&#8220; global_colors_info=&#8220;{}&#8220;][\/et_pb_blog_extras][\/et_pb_column][\/et_pb_row][\/et_pb_section][et_pb_section fb_built=&#8220;1&#8243; module_id=&#8220;Kontakt&#8220; _builder_version=&#8220;4.20.0&#8243; _module_preset=&#8220;default&#8220; background_color=&#8220;rgba(0,0,0,0.03)&#8220; custom_padding=&#8220;2px|||||&#8220; saved_tabs=&#8220;all&#8220; global_colors_info=&#8220;{}&#8220;][et_pb_row _builder_version=&#8220;4.20.0&#8243; _module_preset=&#8220;default&#8220; global_colors_info=&#8220;{}&#8220;][et_pb_column type=&#8220;4_4&#8243; _builder_version=&#8220;4.20.0&#8243; _module_preset=&#8220;default&#8220; global_colors_info=&#8220;{}&#8220;][et_pb_text _builder_version=&#8220;4.20.1&#8243; _module_preset=&#8220;default&#8220; text_font=&#8220;||||||||&#8220; header_font=&#8220;|600|||||||dotted&#8220; header_text_align=&#8220;left&#8220; header_text_color=&#8220;#353740&#8243; header_font_size=&#8220;51px&#8220; header_2_font=&#8220;|300|||||||&#8220; header_2_font_size=&#8220;42px&#8220; header_2_line_height=&#8220;0.8em&#8220; background_size=&#8220;initial&#8220; background_position=&#8220;top_left&#8220; background_repeat=&#8220;repeat&#8220; custom_margin=&#8220;52px||-1px||false|false&#8220; animation_style=&#8220;fade&#8220; header_font_size_last_edited=&#8220;off|desktop&#8220; locked=&#8220;off&#8220; global_colors_info=&#8220;{}&#8220;]<\/p>\n<h1>Sphere<\/h1>\n<h2>The Swiss Financial Arena<\/h2>\n<p>[\/et_pb_text][et_pb_text _builder_version=&#8220;4.20.2&#8243; _module_preset=&#8220;default&#8220; custom_margin=&#8220;33px||26px|||&#8220; global_colors_info=&#8220;{}&#8220;]<\/p>\n<h6><span style=\"color: #1a343f;\">Seit der Gr\u00fcndung im Jahr 2016 unterst\u00fctzt und vernetzt SPHERE die Community der Schweizer Finanzbranche. <\/span><span style=\"color: #1a343f;\">SPHERE erm\u00f6glicht den Austausch, sei es mit dem viertelj\u00e4hrlich erscheinenden Magazin, den beiden Sonderausgaben f\u00fcr institutionelle Anleger, der Website, den Newsletter und den Veranstaltungen, die das ganze Jahr hindurch durchgef\u00fchrt werden. <\/span><span style=\"color: #1a343f;\">Toutes les parties prenantes de la finance, l&#8217;un des plus importants secteurs \u00e9conomiques de Suisse, ont ainsi \u00e0 leur disposition une plateforme o\u00f9 il leur est possible d\u2019\u00e9changer, de s\u2019informer et de progresser.<\/span><\/h6>\n<p>[\/et_pb_text][\/et_pb_column][\/et_pb_row][et_pb_row column_structure=&#8220;1_3,1_3,1_3&#8243; _builder_version=&#8220;4.20.0&#8243; _module_preset=&#8220;default&#8220; global_colors_info=&#8220;{}&#8220;][et_pb_column type=&#8220;1_3&#8243; _builder_version=&#8220;4.20.0&#8243; _module_preset=&#8220;default&#8220; global_colors_info=&#8220;{}&#8220;][et_pb_image src=&#8220;https:\/\/sphere.swiss\/wp-content\/uploads\/2023\/03\/IMAGE-MEDIAKIT-COVER-768&#215;768-1.png&#8220; title_text=&#8220;IMAGE-MEDIAKIT-COVER-768&#215;768&#8243; _builder_version=&#8220;4.20.0&#8243; _module_preset=&#8220;default&#8220; width=&#8220;63%&#8220; module_alignment=&#8220;center&#8220; global_colors_info=&#8220;{}&#8220;][\/et_pb_image][et_pb_button button_url=&#8220;https:\/\/sphere.swiss\/wp-content\/uploads\/2023\/06\/Sphere_Mediakit_2023_2024_vFR-1.pdf&#8220; url_new_window=&#8220;on&#8220; button_text=&#8220;Media Kit herunterladen&#8220; button_alignment=&#8220;center&#8220; _builder_version=&#8220;4.21.0&#8243; _module_preset=&#8220;default&#8220; custom_button=&#8220;on&#8220; button_text_size=&#8220;18px&#8220; button_text_color=&#8220;#FFFFFF&#8220; button_bg_color=&#8220;#031042&#8243; button_border_width=&#8220;0px&#8220; button_border_color=&#8220;#031042&#8243; button_border_radius=&#8220;13px&#8220; button_font=&#8220;|300|||||||&#8220; button_icon=&#8220;&#x22;||divi||400&#8243; button_icon_color=&#8220;#FFFFFF&#8220; global_colors_info=&#8220;{}&#8220; button_text_color__hover_enabled=&#8220;on|hover&#8220; button_text_color__hover=&#8220;#E0D0B1&#8243;][\/et_pb_button][et_pb_button button_url=&#8220;https:\/\/sphere.swiss\/wp-content\/uploads\/2023\/08\/SPHERE_EVENTS_CatalogueAgenda_2024.pdf&#8220; url_new_window=&#8220;on&#8220; button_text=&#8220;T\u00e9l\u00e9charger le catalogue des \u00e9v\u00e9nements&#8220; button_alignment=&#8220;center&#8220; _builder_version=&#8220;4.21.0&#8243; _module_preset=&#8220;default&#8220; custom_button=&#8220;on&#8220; button_text_size=&#8220;18px&#8220; button_text_color=&#8220;#FFFFFF&#8220; button_bg_color=&#8220;#031042&#8243; button_border_width=&#8220;0px&#8220; button_border_color=&#8220;#031042&#8243; button_border_radius=&#8220;13px&#8220; button_font=&#8220;|300|||||||&#8220; button_icon=&#8220;&#x22;||divi||400&#8243; button_icon_color=&#8220;#FFFFFF&#8220; global_colors_info=&#8220;{}&#8220; button_text_color__hover_enabled=&#8220;on|hover&#8220; button_text_color__hover=&#8220;#E0D0B1&#8243;][\/et_pb_button][\/et_pb_column][et_pb_column type=&#8220;1_3&#8243; _builder_version=&#8220;4.20.0&#8243; _module_preset=&#8220;default&#8220; global_colors_info=&#8220;{}&#8220;][et_pb_text _builder_version=&#8220;4.20.0&#8243; _module_preset=&#8220;default&#8220; global_colors_info=&#8220;{}&#8220; link_text_color__hover_enabled=&#8220;on|hover&#8220; link_text_color__hover=&#8220;#031042&#8243;]<\/p>\n<p>REDAKTION<br \/><a href=\"mailto:redaction@sphere.swiss\">redactionsphere.swiss[at]<\/a><\/p>\n<p>WERBUNG<br \/><a href=\"mailto:advertise@sphere.swiss\">advertise[at]sphere.swiss<\/a><\/p>\n<p>ABONNEMENT<br \/><a href=\"mailto:contact@sphere.swiss\">contactsphere.swiss[at]<\/a><\/p>\n<p>VERANSTALTUNGEN<br \/><a href=\"mailto:events@sphere.swiss\">events[at]sphere.swiss<\/a><\/p>\n<p>[\/et_pb_text][\/et_pb_column][et_pb_column type=&#8220;1_3&#8243; _builder_version=&#8220;4.20.0&#8243; _module_preset=&#8220;default&#8220; global_colors_info=&#8220;{}&#8220;][et_pb_button button_url=&#8220;https:\/\/sphere.swiss\/de\/datenschutzrichtlinie\/&#8220; button_text=&#8220;Datenschutzrichtlinie&#8220; button_alignment=&#8220;center&#8220; _builder_version=&#8220;4.21.0&#8243; _module_preset=&#8220;default&#8220; custom_button=&#8220;on&#8220; button_text_size=&#8220;18px&#8220; button_text_color=&#8220;#FFFFFF&#8220; button_bg_color=&#8220;#031042&#8243; button_border_width=&#8220;0px&#8220; button_border_color=&#8220;#031042&#8243; button_border_radius=&#8220;13px&#8220; button_font=&#8220;|300|||||||&#8220; button_icon=&#8220;&#x22;||divi||400&#8243; button_icon_color=&#8220;#FFFFFF&#8220; global_colors_info=&#8220;{}&#8220; button_text_color__hover_enabled=&#8220;on|hover&#8220; button_text_color__hover=&#8220;#E0D0B1&#8243;][\/et_pb_button][et_pb_text _builder_version=&#8220;4.20.0&#8243; _module_preset=&#8220;default&#8220; link_text_color=&#8220;#bab893&#8243; global_colors_info=&#8220;{}&#8220; link_text_color__hover_enabled=&#8220;on|hover&#8220; link_text_color__hover=&#8220;#031042&#8243;]<\/p>\n<p><span>Rue Barton 7<\/span><br \/><span>Case postale 1806<\/span><br \/><span>CH-1211 Gen\u00e8ve 1<\/span><\/p>\n<p><span>P <a href=\"tel:+41225661731\">+41 22 566 17 31<\/a><\/span><\/p>\n<p>[\/et_pb_text][et_pb_social_media_follow _builder_version=&#8220;4.20.0&#8243; _module_preset=&#8220;default&#8220; global_colors_info=&#8220;{}&#8220;][et_pb_social_media_follow_network social_network=&#8220;linkedin&#8220; url=&#8220;https:\/\/www.linkedin.com\/company\/sphere-publishing\/&#8220; _builder_version=&#8220;4.20.0&#8243; _module_preset=&#8220;default&#8220; background_color=&#8220;#007bb6&#8243; global_colors_info=&#8220;{}&#8220; follow_button=&#8220;off&#8220; url_new_window=&#8220;on&#8220;]linkedin[\/et_pb_social_media_follow_network][et_pb_social_media_follow_network social_network=&#8220;youtube&#8220; url=&#8220;https:\/\/www.youtube.com\/channel\/UCbuR1yloLuiBDbV3R3iyk2w&#8220; _builder_version=&#8220;4.20.0&#8243; _module_preset=&#8220;default&#8220; background_color=&#8220;#a82400&#8243; global_colors_info=&#8220;{}&#8220; follow_button=&#8220;off&#8220; url_new_window=&#8220;on&#8220;]youtube[\/et_pb_social_media_follow_network][\/et_pb_social_media_follow][et_pb_text _builder_version=&#8220;4.20.0&#8243; _module_preset=&#8220;default&#8220; global_colors_info=&#8220;{}&#8220; link_text_color__hover_enabled=&#8220;on|hover&#8220; link_text_color__hover=&#8220;#031042&#8243;]<\/p>\n<p>\u00a9 2023 Sphere Magazine<\/p>\n<p>Website erstellt von Swiss House <a href=\"https:\/\/shbrands.ch\" target=\"_blank\" rel=\"noopener\">o<\/a>f Brands<\/p>\n<p>[\/et_pb_text][\/et_pb_column][\/et_pb_row][\/et_pb_section][et_pb_section fb_built=&#8220;1&#8243; _builder_version=&#8220;4.19.5&#8243; _module_preset=&#8220;default&#8220; saved_tabs=&#8220;all&#8220; global_colors_info=&#8220;{}&#8220;][\/et_pb_section]<\/p>\n","protected":false},"excerpt":{"rendered":"<p>Iwan Deplazes<br \/>\nZ\u00fcrcher Kantonalbank<br \/>\n&#8222;Die Pensionskassen sind mit komplexen Ver\u00e4nderungen konfrontiert&#8220;<\/p>\n","protected":false},"author":2,"featured_media":7937,"comment_status":"closed","ping_status":"closed","sticky":false,"template":"","format":"standard","meta":{"_et_pb_use_builder":"on","_et_pb_old_content":"","_et_gb_content_width":"","_mo_disable_npp":"","footnotes":""},"categories":[482],"tags":[276,713,714,712],"class_list":["post-7931","post","type-post","status-publish","format-standard","has-post-thumbnail","hentry","category-capsule","tag-asset-management-de","tag-iwan-deplazes-2","tag-veraenderungen","tag-zkb-2"],"yoast_head":"<!-- This site is optimized with the Yoast SEO plugin v25.3.1 - https:\/\/yoast.com\/wordpress\/plugins\/seo\/ -->\n<title>Ver\u00e4nderungen - Sphere<\/title>\n<meta name=\"description\" content=\"Der Regulierungsprozess der Unabh\u00e4ngigen Verm\u00f6gensverwaltern und Trustees ist noch im Gang. Trotzdem lassen sich erste Schl\u00fcsse ziehen. F\u00fcr Ralph Frey, CEO von AOOS, war der Prozess auf seiten der Aufsichtsorganisation intensiv, spannend und erfolgreich.\" \/>\n<meta name=\"robots\" content=\"index, follow, max-snippet:-1, max-image-preview:large, max-video-preview:-1\" \/>\n<link rel=\"canonical\" href=\"https:\/\/sphere.swiss\/de\/veranderungen\/\" \/>\n<meta property=\"og:locale\" content=\"de_DE\" \/>\n<meta property=\"og:type\" content=\"article\" \/>\n<meta property=\"og:title\" content=\"Ver\u00e4nderungen - Sphere\" \/>\n<meta property=\"og:description\" content=\"Der Regulierungsprozess der Unabh\u00e4ngigen Verm\u00f6gensverwaltern und Trustees ist noch im Gang. Trotzdem lassen sich erste Schl\u00fcsse ziehen. F\u00fcr Ralph Frey, CEO von AOOS, war der Prozess auf seiten der Aufsichtsorganisation intensiv, spannend und erfolgreich.\" \/>\n<meta property=\"og:url\" content=\"https:\/\/sphere.swiss\/de\/veranderungen\/\" \/>\n<meta property=\"og:site_name\" content=\"Sphere\" \/>\n<meta property=\"article:published_time\" content=\"2024-01-18T15:24:45+00:00\" \/>\n<meta property=\"article:modified_time\" content=\"2024-01-22T15:46:24+00:00\" \/>\n<meta property=\"og:image\" content=\"https:\/\/sphere.swiss\/wp-content\/uploads\/2024\/01\/Interview-Capsule_Iwan_Site.png\" \/>\n\t<meta property=\"og:image:width\" content=\"1000\" \/>\n\t<meta property=\"og:image:height\" content=\"600\" \/>\n\t<meta property=\"og:image:type\" content=\"image\/png\" \/>\n<meta name=\"author\" content=\"sph3r3\" \/>\n<meta name=\"twitter:card\" content=\"summary_large_image\" \/>\n<meta name=\"twitter:label1\" content=\"Verfasst von\" \/>\n\t<meta name=\"twitter:data1\" content=\"sph3r3\" \/>\n\t<meta name=\"twitter:label2\" content=\"Gesch\u00e4tzte Lesezeit\" \/>\n\t<meta name=\"twitter:data2\" content=\"4\u00a0Minuten\" \/>\n<script type=\"application\/ld+json\" class=\"yoast-schema-graph\">{\"@context\":\"https:\/\/schema.org\",\"@graph\":[{\"@type\":\"WebPage\",\"@id\":\"https:\/\/sphere.swiss\/de\/veranderungen\/\",\"url\":\"https:\/\/sphere.swiss\/de\/veranderungen\/\",\"name\":\"Ver\u00e4nderungen - Sphere\",\"isPartOf\":{\"@id\":\"https:\/\/sphere.swiss\/de\/#website\"},\"primaryImageOfPage\":{\"@id\":\"https:\/\/sphere.swiss\/de\/veranderungen\/#primaryimage\"},\"image\":{\"@id\":\"https:\/\/sphere.swiss\/de\/veranderungen\/#primaryimage\"},\"thumbnailUrl\":\"https:\/\/sphere.swiss\/wp-content\/uploads\/2024\/01\/Interview-Capsule_Iwan_Site.png\",\"datePublished\":\"2024-01-18T15:24:45+00:00\",\"dateModified\":\"2024-01-22T15:46:24+00:00\",\"author\":{\"@id\":\"https:\/\/sphere.swiss\/de\/#\/schema\/person\/bd0c19ac051bb08ddf812db864e2ea78\"},\"description\":\"Der Regulierungsprozess der Unabh\u00e4ngigen Verm\u00f6gensverwaltern und Trustees ist noch im Gang. Trotzdem lassen sich erste Schl\u00fcsse ziehen. F\u00fcr Ralph Frey, CEO von AOOS, war der Prozess auf seiten der Aufsichtsorganisation intensiv, spannend und erfolgreich.\",\"breadcrumb\":{\"@id\":\"https:\/\/sphere.swiss\/de\/veranderungen\/#breadcrumb\"},\"inLanguage\":\"de\",\"potentialAction\":[{\"@type\":\"ReadAction\",\"target\":[\"https:\/\/sphere.swiss\/de\/veranderungen\/\"]}]},{\"@type\":\"ImageObject\",\"inLanguage\":\"de\",\"@id\":\"https:\/\/sphere.swiss\/de\/veranderungen\/#primaryimage\",\"url\":\"https:\/\/sphere.swiss\/wp-content\/uploads\/2024\/01\/Interview-Capsule_Iwan_Site.png\",\"contentUrl\":\"https:\/\/sphere.swiss\/wp-content\/uploads\/2024\/01\/Interview-Capsule_Iwan_Site.png\",\"width\":1000,\"height\":600},{\"@type\":\"BreadcrumbList\",\"@id\":\"https:\/\/sphere.swiss\/de\/veranderungen\/#breadcrumb\",\"itemListElement\":[{\"@type\":\"ListItem\",\"position\":1,\"name\":\"Home\",\"item\":\"https:\/\/sphere.swiss\/de\/\"},{\"@type\":\"ListItem\",\"position\":2,\"name\":\"Ver\u00e4nderungen\"}]},{\"@type\":\"WebSite\",\"@id\":\"https:\/\/sphere.swiss\/de\/#website\",\"url\":\"https:\/\/sphere.swiss\/de\/\",\"name\":\"Sphere\",\"description\":\"The Swiss Financial Arena\",\"alternateName\":\"Sphere Swiss\",\"potentialAction\":[{\"@type\":\"SearchAction\",\"target\":{\"@type\":\"EntryPoint\",\"urlTemplate\":\"https:\/\/sphere.swiss\/de\/?s={search_term_string}\"},\"query-input\":{\"@type\":\"PropertyValueSpecification\",\"valueRequired\":true,\"valueName\":\"search_term_string\"}}],\"inLanguage\":\"de\"},{\"@type\":\"Person\",\"@id\":\"https:\/\/sphere.swiss\/de\/#\/schema\/person\/bd0c19ac051bb08ddf812db864e2ea78\",\"name\":\"sph3r3\",\"image\":{\"@type\":\"ImageObject\",\"inLanguage\":\"de\",\"@id\":\"https:\/\/sphere.swiss\/de\/#\/schema\/person\/image\/\",\"url\":\"https:\/\/secure.gravatar.com\/avatar\/580395011f6a1ca0bf8ae70d71d5015878f64832766767a33c46af64643053a7?s=96&d=mm&r=g\",\"contentUrl\":\"https:\/\/secure.gravatar.com\/avatar\/580395011f6a1ca0bf8ae70d71d5015878f64832766767a33c46af64643053a7?s=96&d=mm&r=g\",\"caption\":\"sph3r3\"},\"url\":\"https:\/\/sphere.swiss\/de\/author\/sph3r3\/\"}]}<\/script>\n<!-- \/ Yoast SEO plugin. -->","yoast_head_json":{"title":"Ver\u00e4nderungen - Sphere","description":"Der Regulierungsprozess der Unabh\u00e4ngigen Verm\u00f6gensverwaltern und Trustees ist noch im Gang. Trotzdem lassen sich erste Schl\u00fcsse ziehen. F\u00fcr Ralph Frey, CEO von AOOS, war der Prozess auf seiten der Aufsichtsorganisation intensiv, spannend und erfolgreich.","robots":{"index":"index","follow":"follow","max-snippet":"max-snippet:-1","max-image-preview":"max-image-preview:large","max-video-preview":"max-video-preview:-1"},"canonical":"https:\/\/sphere.swiss\/de\/veranderungen\/","og_locale":"de_DE","og_type":"article","og_title":"Ver\u00e4nderungen - Sphere","og_description":"Der Regulierungsprozess der Unabh\u00e4ngigen Verm\u00f6gensverwaltern und Trustees ist noch im Gang. Trotzdem lassen sich erste Schl\u00fcsse ziehen. F\u00fcr Ralph Frey, CEO von AOOS, war der Prozess auf seiten der Aufsichtsorganisation intensiv, spannend und erfolgreich.","og_url":"https:\/\/sphere.swiss\/de\/veranderungen\/","og_site_name":"Sphere","article_published_time":"2024-01-18T15:24:45+00:00","article_modified_time":"2024-01-22T15:46:24+00:00","og_image":[{"width":1000,"height":600,"url":"https:\/\/sphere.swiss\/wp-content\/uploads\/2024\/01\/Interview-Capsule_Iwan_Site.png","type":"image\/png"}],"author":"sph3r3","twitter_card":"summary_large_image","twitter_misc":{"Verfasst von":"sph3r3","Gesch\u00e4tzte Lesezeit":"4\u00a0Minuten"},"schema":{"@context":"https:\/\/schema.org","@graph":[{"@type":"WebPage","@id":"https:\/\/sphere.swiss\/de\/veranderungen\/","url":"https:\/\/sphere.swiss\/de\/veranderungen\/","name":"Ver\u00e4nderungen - Sphere","isPartOf":{"@id":"https:\/\/sphere.swiss\/de\/#website"},"primaryImageOfPage":{"@id":"https:\/\/sphere.swiss\/de\/veranderungen\/#primaryimage"},"image":{"@id":"https:\/\/sphere.swiss\/de\/veranderungen\/#primaryimage"},"thumbnailUrl":"https:\/\/sphere.swiss\/wp-content\/uploads\/2024\/01\/Interview-Capsule_Iwan_Site.png","datePublished":"2024-01-18T15:24:45+00:00","dateModified":"2024-01-22T15:46:24+00:00","author":{"@id":"https:\/\/sphere.swiss\/de\/#\/schema\/person\/bd0c19ac051bb08ddf812db864e2ea78"},"description":"Der Regulierungsprozess der Unabh\u00e4ngigen Verm\u00f6gensverwaltern und Trustees ist noch im Gang. Trotzdem lassen sich erste Schl\u00fcsse ziehen. F\u00fcr Ralph Frey, CEO von AOOS, war der Prozess auf seiten der Aufsichtsorganisation intensiv, spannend und erfolgreich.","breadcrumb":{"@id":"https:\/\/sphere.swiss\/de\/veranderungen\/#breadcrumb"},"inLanguage":"de","potentialAction":[{"@type":"ReadAction","target":["https:\/\/sphere.swiss\/de\/veranderungen\/"]}]},{"@type":"ImageObject","inLanguage":"de","@id":"https:\/\/sphere.swiss\/de\/veranderungen\/#primaryimage","url":"https:\/\/sphere.swiss\/wp-content\/uploads\/2024\/01\/Interview-Capsule_Iwan_Site.png","contentUrl":"https:\/\/sphere.swiss\/wp-content\/uploads\/2024\/01\/Interview-Capsule_Iwan_Site.png","width":1000,"height":600},{"@type":"BreadcrumbList","@id":"https:\/\/sphere.swiss\/de\/veranderungen\/#breadcrumb","itemListElement":[{"@type":"ListItem","position":1,"name":"Home","item":"https:\/\/sphere.swiss\/de\/"},{"@type":"ListItem","position":2,"name":"Ver\u00e4nderungen"}]},{"@type":"WebSite","@id":"https:\/\/sphere.swiss\/de\/#website","url":"https:\/\/sphere.swiss\/de\/","name":"Sphere","description":"The Swiss Financial Arena","alternateName":"Sphere Swiss","potentialAction":[{"@type":"SearchAction","target":{"@type":"EntryPoint","urlTemplate":"https:\/\/sphere.swiss\/de\/?s={search_term_string}"},"query-input":{"@type":"PropertyValueSpecification","valueRequired":true,"valueName":"search_term_string"}}],"inLanguage":"de"},{"@type":"Person","@id":"https:\/\/sphere.swiss\/de\/#\/schema\/person\/bd0c19ac051bb08ddf812db864e2ea78","name":"sph3r3","image":{"@type":"ImageObject","inLanguage":"de","@id":"https:\/\/sphere.swiss\/de\/#\/schema\/person\/image\/","url":"https:\/\/secure.gravatar.com\/avatar\/580395011f6a1ca0bf8ae70d71d5015878f64832766767a33c46af64643053a7?s=96&d=mm&r=g","contentUrl":"https:\/\/secure.gravatar.com\/avatar\/580395011f6a1ca0bf8ae70d71d5015878f64832766767a33c46af64643053a7?s=96&d=mm&r=g","caption":"sph3r3"},"url":"https:\/\/sphere.swiss\/de\/author\/sph3r3\/"}]}},"_links":{"self":[{"href":"https:\/\/sphere.swiss\/de\/wp-json\/wp\/v2\/posts\/7931","targetHints":{"allow":["GET"]}}],"collection":[{"href":"https:\/\/sphere.swiss\/de\/wp-json\/wp\/v2\/posts"}],"about":[{"href":"https:\/\/sphere.swiss\/de\/wp-json\/wp\/v2\/types\/post"}],"author":[{"embeddable":true,"href":"https:\/\/sphere.swiss\/de\/wp-json\/wp\/v2\/users\/2"}],"replies":[{"embeddable":true,"href":"https:\/\/sphere.swiss\/de\/wp-json\/wp\/v2\/comments?post=7931"}],"version-history":[{"count":7,"href":"https:\/\/sphere.swiss\/de\/wp-json\/wp\/v2\/posts\/7931\/revisions"}],"predecessor-version":[{"id":8019,"href":"https:\/\/sphere.swiss\/de\/wp-json\/wp\/v2\/posts\/7931\/revisions\/8019"}],"wp:featuredmedia":[{"embeddable":true,"href":"https:\/\/sphere.swiss\/de\/wp-json\/wp\/v2\/media\/7937"}],"wp:attachment":[{"href":"https:\/\/sphere.swiss\/de\/wp-json\/wp\/v2\/media?parent=7931"}],"wp:term":[{"taxonomy":"category","embeddable":true,"href":"https:\/\/sphere.swiss\/de\/wp-json\/wp\/v2\/categories?post=7931"},{"taxonomy":"post_tag","embeddable":true,"href":"https:\/\/sphere.swiss\/de\/wp-json\/wp\/v2\/tags?post=7931"}],"curies":[{"name":"wp","href":"https:\/\/api.w.org\/{rel}","templated":true}]}}