{"id":8045,"date":"2024-01-23T16:53:17","date_gmt":"2024-01-23T15:53:17","guid":{"rendered":"https:\/\/sphere.swiss\/?p=8045"},"modified":"2024-01-23T17:08:00","modified_gmt":"2024-01-23T16:08:00","slug":"lugano","status":"publish","type":"post","link":"https:\/\/sphere.swiss\/de\/lugano\/","title":{"rendered":"Lugano"},"content":{"rendered":"<p>[et_pb_section fb_built=&#8220;1&#8243; _builder_version=&#8220;4.19.4&#8243; _module_preset=&#8220;default&#8220; custom_padding=&#8220;1px|||||&#8220; global_colors_info=&#8220;{}&#8220;][et_pb_row _builder_version=&#8220;4.23.1&#8243; _module_preset=&#8220;default&#8220; width=&#8220;100%&#8220; max_width=&#8220;903px&#8220; custom_margin=&#8220;-16px|auto||auto|false|false&#8220; custom_padding=&#8220;1px||0px|||&#8220; global_module=&#8220;580&#8243; saved_tabs=&#8220;all&#8220; global_colors_info=&#8220;{}&#8220;][et_pb_column type=&#8220;4_4&#8243; _builder_version=&#8220;4.19.4&#8243; _module_preset=&#8220;default&#8220; global_colors_info=&#8220;{}&#8220;][dnxte_logo_carousel_parent dnxt_carousel_autoplay_show_hide=&#8220;off&#8220; dnxt_carousel_centered_slides=&#8220;on&#8220; dnxt_carousel_speed=&#8220;4000&#8243; dnxt_carousel_spacebetween=&#8220;500&#8243; dnxt_carousel_breakpoint_desktop=&#8220;1&#8243; disabled_on=&#8220;on|on|on&#8220; _builder_version=&#8220;4.23&#8243; _module_preset=&#8220;default&#8220; disabled global_colors_info=&#8220;{}&#8220;][dnxte_logo_carousel_child logo_carousel_image=&#8220;https:\/\/sphere.swiss\/wp-content\/uploads\/2023\/07\/banner_website.png&#8220; logo_carousel_alt=&#8220;Journ\u00e9es Solutions GFI 2023&#8243; _builder_version=&#8220;4.21.0&#8243; _module_preset=&#8220;default&#8220; link_option_url=&#8220;https:\/\/sphere.swiss\/evenements\/#gfi&#8220; global_colors_info=&#8220;{}&#8220;][\/dnxte_logo_carousel_child][\/dnxte_logo_carousel_parent][\/et_pb_column][\/et_pb_row][et_pb_row column_structure=&#8220;2_3,1_3&#8243; _builder_version=&#8220;4.20.2&#8243; _module_preset=&#8220;default&#8220; global_colors_info=&#8220;{}&#8220;][et_pb_column type=&#8220;2_3&#8243; _builder_version=&#8220;4.19.4&#8243; _module_preset=&#8220;default&#8220; global_colors_info=&#8220;{}&#8220;][et_pb_text _builder_version=&#8220;4.23.1&#8243; _module_preset=&#8220;default&#8220; header_font_size=&#8220;33px&#8220; header_line_height=&#8220;1.2em&#8220; header_3_font=&#8220;|300|||||||&#8220; header_3_text_align=&#8220;justify&#8220; header_3_font_size=&#8220;17px&#8220; global_colors_info=&#8220;{}&#8220;]<\/p>\n<h1><strong>EAM-L\u00f6sungen<\/strong><\/h1>\n<p>[\/et_pb_text][et_pb_text _builder_version=&#8220;4.24.0&#8243; _module_preset=&#8220;default&#8220; header_font_size=&#8220;33px&#8220; header_line_height=&#8220;1.2em&#8220; header_3_font=&#8220;|300|||||||&#8220; header_3_text_align=&#8220;justify&#8220; header_3_font_size=&#8220;17px&#8220; hover_enabled=&#8220;0&#8243; global_colors_info=&#8220;{}&#8220; sticky_enabled=&#8220;0&#8243;]<\/p>\n<ul>\n<li><strong>Interview mit Andrea Gianoli<\/strong><\/li>\n<li><strong>Relationship manager<\/strong><\/li>\n<li><strong>Amgest<\/strong><\/li>\n<\/ul>\n<h2><strong>\u00abPrivate Equity ist f\u00fcr die Diversifizierung und das langfristige Wachstum entscheidend\u00bb <\/strong><\/h2>\n<p>Der Finanzplatz Lugano hat sich in den vergangenen Jahren deutlich erholt &#8211; trotz der starken Konkurrenz aus Italien. Die unabh\u00e4ngigen Verm\u00f6gensverwalter in Lugano haben sich dabei zu echten Boutiquen entwickelt und konzentrieren sich zunehmend auf nicht b\u00f6rsennotierte Unternehmen, wie Andrea Gianoli erkl\u00e4rt.<\/p>\n<p>[\/et_pb_text][dnxte_minimal_image_hover image=&#8220;https:\/\/sphere.swiss\/wp-content\/uploads\/2024\/01\/Andreas-Gianoli_inPixio2.jpg&#8220; dnxtmih_image_hover_effect=&#8220;effect9&#8243; _builder_version=&#8220;4.24.0&#8243; _module_preset=&#8220;default&#8220; module_alignment=&#8220;center&#8220; global_colors_info=&#8220;{}&#8220;][\/dnxte_minimal_image_hover][et_pb_text _builder_version=&#8220;4.24.0&#8243; _module_preset=&#8220;default&#8220; text_font=&#8220;|300|||||||&#8220; text_font_size=&#8220;17px&#8220; text_line_height=&#8220;1.9em&#8220; header_font=&#8220;|600|||||||&#8220; header_2_font=&#8220;|600|||||||&#8220; header_2_text_align=&#8220;left&#8220; header_2_font_size=&#8220;31px&#8220; text_orientation=&#8220;justified&#8220; global_colors_info=&#8220;{}&#8220;]<\/p>\n<p><strong>Wie w\u00fcrden Sie die aktuelle Situation der unabh\u00e4ngigen Verm\u00f6gensverwaltungsbranche in Lugano beschreiben?<\/strong><\/p>\n<p>Die Branche ist ein bedeutender Wirtschaftsfaktor in der Schweiz und nat\u00fcrlich auch in Lugano, der einen wesentlichen Beitrag zum BIP und zur Schaffung von Arbeitspl\u00e4tzen leistet. Die H\u00f6he der verwalteten Verm\u00f6gen hat sich erholt. Lugano ist ausserdem bekannt f\u00fcr sein Boutique-Verm\u00f6gensverwaltungskonzept, das sich auf verm\u00f6gende Privatpersonen und Institutionen konzentriert.<\/p>\n<p><strong>Wie hat die Branche auf die neue Regulierung?<\/strong><\/p>\n<p>Die Einf\u00fchrung von FIDLEG und FINIG l\u00f6ste zun\u00e4chst Bedenken aus, hat aber zu einer transparenteren und kundenorientierteren Branche gef\u00fchrt. Diese Vorschriften stehen im Einklang mit unserem Engagement f\u00fcr eine ethische und verantwortungsvolle Verm\u00f6gensverwaltung und st\u00e4rken das Vertrauen und die Compliance in der Branche. Dies ist umso wichtiger, als wir ansonsten sehr stark in Italien vertreten sind.<\/p>\n<p><strong>Was sind die wichtigsten Differenzierungsmerkmale eines Verm\u00f6gensverwalters der Zukunft?<\/strong><\/p>\n<p>Die Verm\u00f6gensverwalter der Zukunft werden sich durch ihre F\u00e4higkeit auszeichnen, digitale Strategien in ihre Kernt\u00e4tigkeiten zu integrieren. Dazu geh\u00f6rt die Nutzung von Daten und Analysen zur Verbesserung der Anlageperformance, des Kundenbeziehungsmanagements und der allgemeinen betrieblichen Effizienz. Auch die Konzentration auf nachhaltige und alternative Anlagen wird von entscheidender Bedeutung sein.<\/p>\n<p><strong>Wie stellt sich Amgest auf diese Herausforderungen ein?<\/strong><\/p>\n<p>Amgest stellt sich auf diese Trends ein, indem wir uns auf die digitale Transformation, massgeschneiderte Verm\u00f6gensverwaltung und nachhaltige Anlagen konzentrieren. Wir investieren in Technologie, um den Kundenservice und die betriebliche Effizienz zu verbessern, und halten gleichzeitig an unseren Grundwerten Loyalit\u00e4t, Vertrauen und Sorgfalt fest.<\/p>\n<p><strong>Welche Rolle spielt Private Equity in Ihrer Anlagestrategie?<\/strong><\/p>\n<p>Private Equity ist f\u00fcr die Diversifizierung und das langfristige Wachstum von entscheidender Bedeutung. Wir konzentrieren uns auch auf Club Deals und andere alternative Anlagen, um die Portfolio-Performance zu verbessern. Aber um eines klarzustellen: Wir sind hier sehr vorsichtig. Bislang haben wir nur zwei grosse Transaktionen durchgef\u00fchrt. Nat\u00fcrlich ist die Nachfrage auf Kundenseite h\u00f6her, aber f\u00fcr uns ist Qualit\u00e4t wichtig.<\/p>\n<p><strong>Die Konsolidierung in der Branche ist ein aktuelles Thema. Was bedeutet dies f\u00fcr Amgest?<\/strong><\/p>\n<p>Wir sehen uns als aktive Konsolidierer &#8211; nicht nur in der S\u00fcdschweiz, sondern auch mit Blick auf unsere Aktivit\u00e4ten in Z\u00fcrich. Derzeit sehen wir viele potenzielle Verk\u00e4ufer, aber keiner scheint interessant genug, um unsere Erwartungen zu erf\u00fcllen. Wir konzentrieren uns zun\u00e4chst auf unsere Kernkompetenzen und unseren Kundenstamm. Potenzielle strategische \u00dcbernahmen oder Partnerschaften pr\u00fcfen wir, wenn sie mit unseren Werten und Zielen \u00fcbereinstimmen. Unser Ansatz besteht darin, die Qualit\u00e4t unserer Dienstleistungen und das Kundenerlebnis zu verbessern, anstatt nur zu expandieren.<\/p>\n<p><strong>Wie sieht die Zukunft von Amgest in dieser sich entwickelnden Landschaft aus?<\/strong><\/p>\n<p>Wir wollen unsere F\u00fchrungsrolle bei der digitalen Transformation beibehalten und uns darauf konzentrieren, durch fortschrittliche Technologie, personalisierte Dienstleistungen und unser Engagement f\u00fcr nachhaltige Investitionen Werte f\u00fcr unsere Kunden zu schaffen. Unser Ziel ist es, an der Spitze der Entwicklung der Branche zu stehen und die bestm\u00f6glichen Ergebnisse f\u00fcr unsere Kunden zu erzielen.<\/p>\n<p><strong>Andrea Gianoli<\/strong><\/p>\n<p><strong>Amgest <\/strong><\/p>\n<p>Andrea Gianoli, hat \u00fcber 25 Jahre Erfahrung im Private Banking. Bevor er 2023 zu Amgest SA stiess, arbeitete er f\u00fcr verschiedene Finanzinstitute in der Schweiz, wie UBS, Alpina Assicurazioni, BSI, Clariden Leu und Patrimony 1873. Gianoli ist eidgen\u00f6ssisch diplomierter Marketingfachmann und Bankgeneralist.<\/p>\n<p>[\/et_pb_text][\/et_pb_column][et_pb_column type=&#8220;1_3&#8243; _builder_version=&#8220;4.19.4&#8243; _module_preset=&#8220;default&#8220; global_colors_info=&#8220;{}&#8220;][et_pb_blog_extras use_category_filterable_blog=&#8220;on&#8220; show_all_posts_link=&#8220;on&#8220; posts_number=&#8220;3&#8243; include_categories=&#8220;5&#8243; blog_layout=&#8220;block_extended&#8220; show_author=&#8220;off&#8220; category_meta_colors=&#8220;on&#8220; show_comments=&#8220;off&#8220; show_read_time=&#8220;on&#8220; _builder_version=&#8220;4.20.0&#8243; _module_preset=&#8220;default&#8220; header_font=&#8220;|600|||||||&#8220; header_font_size=&#8220;20px&#8220; body_font=&#8220;|300|||||||&#8220; body_text_align=&#8220;left&#8220; global_colors_info=&#8220;{}&#8220;][\/et_pb_blog_extras][\/et_pb_column][\/et_pb_row][et_pb_row _builder_version=&#8220;4.20.0&#8243; _module_preset=&#8220;default&#8220; global_module=&#8220;592&#8243; saved_tabs=&#8220;all&#8220; global_colors_info=&#8220;{}&#8220;][et_pb_column type=&#8220;4_4&#8243; _builder_version=&#8220;4.20.0&#8243; _module_preset=&#8220;default&#8220; global_colors_info=&#8220;{}&#8220;][et_pb_blog_extras posts_number=&#8220;3&#8243; include_categories=&#8220;5,6,8,7&#8243; blog_layout=&#8220;block_extended&#8220; show_author=&#8220;off&#8220; category_meta_colors=&#8220;on&#8220; show_comments=&#8220;off&#8220; show_read_time=&#8220;on&#8220; _builder_version=&#8220;4.20.2&#8243; _module_preset=&#8220;default&#8220; header_font=&#8220;|600|||||||&#8220; header_font_size=&#8220;20px&#8220; body_font=&#8220;|300|||||||&#8220; body_text_align=&#8220;left&#8220; global_colors_info=&#8220;{}&#8220;][\/et_pb_blog_extras][\/et_pb_column][\/et_pb_row][\/et_pb_section][et_pb_section fb_built=&#8220;1&#8243; module_id=&#8220;Kontakt&#8220; _builder_version=&#8220;4.20.0&#8243; _module_preset=&#8220;default&#8220; background_color=&#8220;rgba(0,0,0,0.03)&#8220; min_height=&#8220;835px&#8220; custom_padding=&#8220;1px|||||&#8220; global_module=&#8220;585&#8243; saved_tabs=&#8220;all&#8220; global_colors_info=&#8220;{}&#8220;][et_pb_row _builder_version=&#8220;4.20.0&#8243; _module_preset=&#8220;default&#8220; global_colors_info=&#8220;{}&#8220;][et_pb_column type=&#8220;4_4&#8243; _builder_version=&#8220;4.20.0&#8243; _module_preset=&#8220;default&#8220; global_colors_info=&#8220;{}&#8220;][et_pb_text _builder_version=&#8220;4.20.1&#8243; _module_preset=&#8220;default&#8220; text_font=&#8220;||||||||&#8220; header_font=&#8220;|600|||||||dotted&#8220; header_text_align=&#8220;left&#8220; header_text_color=&#8220;#353740&#8243; header_font_size=&#8220;51px&#8220; header_2_font=&#8220;|300|||||||&#8220; header_2_font_size=&#8220;42px&#8220; header_2_line_height=&#8220;0.8em&#8220; background_size=&#8220;initial&#8220; background_position=&#8220;top_left&#8220; background_repeat=&#8220;repeat&#8220; custom_margin=&#8220;4px||-1px||false|false&#8220; animation_style=&#8220;fade&#8220; header_font_size_last_edited=&#8220;off|desktop&#8220; locked=&#8220;off&#8220; global_colors_info=&#8220;{}&#8220;]<\/p>\n<h1>Sphere<\/h1>\n<h2>The Swiss Financial Arena<\/h2>\n<p>[\/et_pb_text][et_pb_text _builder_version=&#8220;4.20.2&#8243; _module_preset=&#8220;default&#8220; custom_margin=&#8220;33px||26px|||&#8220; global_colors_info=&#8220;{}&#8220;]<\/p>\n<h6><span style=\"color: #1a343f;\">Seit der Gr\u00fcndung im Jahr 2016 unterst\u00fctzt und vernetzt SPHERE die Community der Schweizer Finanzbranche. <\/span><span style=\"color: #1a343f;\">SPHERE erm\u00f6glicht den Austausch, sei es mit dem viertelj\u00e4hrlich erscheinenden Magazin, den beiden Sonderausgaben f\u00fcr institutionelle Anleger, der Website, den Newsletter und den Veranstaltungen, die das ganze Jahr hindurch durchgef\u00fchrt werden. <\/span><span style=\"color: #1a343f;\">Toutes les parties prenantes de la finance, l&#8217;un des plus importants secteurs \u00e9conomiques de Suisse, ont ainsi \u00e0 leur disposition une plateforme o\u00f9 il leur est possible d\u2019\u00e9changer, de s\u2019informer et de progresser.<\/span><\/h6>\n<p>[\/et_pb_text][\/et_pb_column][\/et_pb_row][et_pb_row column_structure=&#8220;1_3,1_3,1_3&#8243; _builder_version=&#8220;4.20.0&#8243; _module_preset=&#8220;default&#8220; global_colors_info=&#8220;{}&#8220;][et_pb_column type=&#8220;1_3&#8243; _builder_version=&#8220;4.20.0&#8243; _module_preset=&#8220;default&#8220; global_colors_info=&#8220;{}&#8220;][et_pb_image src=&#8220;https:\/\/sphere.swiss\/wp-content\/uploads\/2023\/03\/IMAGE-MEDIAKIT-COVER-768&#215;768-1.png&#8220; title_text=&#8220;IMAGE-MEDIAKIT-COVER-768&#215;768&#8243; _builder_version=&#8220;4.20.0&#8243; _module_preset=&#8220;default&#8220; width=&#8220;63%&#8220; module_alignment=&#8220;center&#8220; global_colors_info=&#8220;{}&#8220;][\/et_pb_image][et_pb_button button_url=&#8220;https:\/\/sphere.swiss\/wp-content\/uploads\/2023\/06\/Sphere_Mediakit_2023_2024_vFR-1.pdf&#8220; url_new_window=&#8220;on&#8220; button_text=&#8220;Media Kit herunterladen&#8220; button_alignment=&#8220;center&#8220; _builder_version=&#8220;4.21.0&#8243; _module_preset=&#8220;default&#8220; custom_button=&#8220;on&#8220; button_text_size=&#8220;18px&#8220; button_text_color=&#8220;#FFFFFF&#8220; button_bg_color=&#8220;#031042&#8243; button_border_width=&#8220;0px&#8220; button_border_color=&#8220;#031042&#8243; button_border_radius=&#8220;13px&#8220; button_font=&#8220;|300|||||||&#8220; button_icon=&#8220;&#x22;||divi||400&#8243; button_icon_color=&#8220;#FFFFFF&#8220; global_colors_info=&#8220;{}&#8220; button_text_color__hover_enabled=&#8220;on|hover&#8220; button_text_color__hover=&#8220;#E0D0B1&#8243;][\/et_pb_button][et_pb_button button_url=&#8220;https:\/\/sphere.swiss\/wp-content\/uploads\/2023\/08\/SPHERE_EVENTS_CatalogueAgenda_2024.pdf&#8220; url_new_window=&#8220;on&#8220; button_text=&#8220;T\u00e9l\u00e9charger le catalogue des \u00e9v\u00e9nements&#8220; button_alignment=&#8220;center&#8220; _builder_version=&#8220;4.21.0&#8243; _module_preset=&#8220;default&#8220; custom_button=&#8220;on&#8220; button_text_size=&#8220;18px&#8220; button_text_color=&#8220;#FFFFFF&#8220; button_bg_color=&#8220;#031042&#8243; button_border_width=&#8220;0px&#8220; button_border_color=&#8220;#031042&#8243; button_border_radius=&#8220;13px&#8220; button_font=&#8220;|300|||||||&#8220; button_icon=&#8220;&#x22;||divi||400&#8243; button_icon_color=&#8220;#FFFFFF&#8220; global_colors_info=&#8220;{}&#8220; button_text_color__hover_enabled=&#8220;on|hover&#8220; button_text_color__hover=&#8220;#E0D0B1&#8243;][\/et_pb_button][\/et_pb_column][et_pb_column type=&#8220;1_3&#8243; _builder_version=&#8220;4.20.0&#8243; _module_preset=&#8220;default&#8220; global_colors_info=&#8220;{}&#8220;][et_pb_text _builder_version=&#8220;4.20.0&#8243; _module_preset=&#8220;default&#8220; global_colors_info=&#8220;{}&#8220; link_text_color__hover_enabled=&#8220;on|hover&#8220; link_text_color__hover=&#8220;#031042&#8243;]<\/p>\n<p>REDAKTION<br \/><a href=\"mailto:redaction@sphere.swiss\">redactionsphere.swiss[at]<\/a><\/p>\n<p>WERBUNG<br \/><a href=\"mailto:advertise@sphere.swiss\">advertise[at]sphere.swiss<\/a><\/p>\n<p>ABONNEMENT<br \/><a href=\"mailto:contact@sphere.swiss\">contactsphere.swiss[at]<\/a><\/p>\n<p>VERANSTALTUNGEN<br \/><a href=\"mailto:events@sphere.swiss\">events[at]sphere.swiss<\/a><\/p>\n<p>[\/et_pb_text][\/et_pb_column][et_pb_column type=&#8220;1_3&#8243; _builder_version=&#8220;4.20.0&#8243; _module_preset=&#8220;default&#8220; global_colors_info=&#8220;{}&#8220;][et_pb_button button_url=&#8220;https:\/\/sphere.swiss\/de\/datenschutzrichtlinie\/&#8220; button_text=&#8220;Datenschutzrichtlinie&#8220; button_alignment=&#8220;center&#8220; _builder_version=&#8220;4.21.0&#8243; _module_preset=&#8220;default&#8220; custom_button=&#8220;on&#8220; button_text_size=&#8220;18px&#8220; button_text_color=&#8220;#FFFFFF&#8220; button_bg_color=&#8220;#031042&#8243; button_border_width=&#8220;0px&#8220; button_border_color=&#8220;#031042&#8243; button_border_radius=&#8220;13px&#8220; button_font=&#8220;|300|||||||&#8220; button_icon=&#8220;&#x22;||divi||400&#8243; button_icon_color=&#8220;#FFFFFF&#8220; global_colors_info=&#8220;{}&#8220; button_text_color__hover_enabled=&#8220;on|hover&#8220; button_text_color__hover=&#8220;#E0D0B1&#8243;][\/et_pb_button][et_pb_text _builder_version=&#8220;4.20.0&#8243; _module_preset=&#8220;default&#8220; link_text_color=&#8220;#bab893&#8243; global_colors_info=&#8220;{}&#8220; link_text_color__hover_enabled=&#8220;on|hover&#8220; link_text_color__hover=&#8220;#031042&#8243;]<\/p>\n<p><span>Rue Barton 7<\/span><br \/><span>Case postale 1806<\/span><br \/><span>CH-1211 Gen\u00e8ve 1<\/span><\/p>\n<p><span>P <a href=\"tel:+41225661731\">+41 22 566 17 31<\/a><\/span><\/p>\n<p>[\/et_pb_text][et_pb_social_media_follow _builder_version=&#8220;4.20.0&#8243; _module_preset=&#8220;default&#8220; global_colors_info=&#8220;{}&#8220;][et_pb_social_media_follow_network social_network=&#8220;linkedin&#8220; url=&#8220;https:\/\/www.linkedin.com\/company\/sphere-publishing\/&#8220; _builder_version=&#8220;4.20.0&#8243; _module_preset=&#8220;default&#8220; background_color=&#8220;#007bb6&#8243; global_colors_info=&#8220;{}&#8220; follow_button=&#8220;off&#8220; url_new_window=&#8220;on&#8220;]linkedin[\/et_pb_social_media_follow_network][et_pb_social_media_follow_network social_network=&#8220;youtube&#8220; url=&#8220;https:\/\/www.youtube.com\/channel\/UCbuR1yloLuiBDbV3R3iyk2w&#8220; _builder_version=&#8220;4.20.0&#8243; _module_preset=&#8220;default&#8220; background_color=&#8220;#a82400&#8243; global_colors_info=&#8220;{}&#8220; follow_button=&#8220;off&#8220; url_new_window=&#8220;on&#8220;]youtube[\/et_pb_social_media_follow_network][\/et_pb_social_media_follow][et_pb_text _builder_version=&#8220;4.20.0&#8243; _module_preset=&#8220;default&#8220; global_colors_info=&#8220;{}&#8220; link_text_color__hover_enabled=&#8220;on|hover&#8220; link_text_color__hover=&#8220;#031042&#8243;]<\/p>\n<p>\u00a9 2023 Sphere Magazine<\/p>\n<p>Website erstellt von Swiss House <a href=\"https:\/\/shbrands.ch\" target=\"_blank\" rel=\"noopener\">o<\/a>f Brands<\/p>\n<p>[\/et_pb_text][\/et_pb_column][\/et_pb_row][\/et_pb_section][et_pb_section fb_built=&#8220;1&#8243; _builder_version=&#8220;4.19.5&#8243; _module_preset=&#8220;default&#8220; global_module=&#8220;120&#8243; saved_tabs=&#8220;all&#8220; global_colors_info=&#8220;{}&#8220;][\/et_pb_section]<\/p>\n","protected":false},"excerpt":{"rendered":"<p>Andrea Gianoli<br \/>\nAmgest<br \/>\n\u00abPrivate Equity f\u00fcr Diversifizierung und langfristige Wachstum \u00bb <\/p>\n","protected":false},"author":2,"featured_media":8049,"comment_status":"closed","ping_status":"closed","sticky":false,"template":"","format":"standard","meta":{"_et_pb_use_builder":"on","_et_pb_old_content":"","_et_gb_content_width":"","_mo_disable_npp":"","footnotes":""},"categories":[90],"tags":[735,704,305,354,331,353,360,279],"class_list":["post-8045","post","type-post","status-publish","format-standard","has-post-thumbnail","hentry","category-solutions-eam-de","tag-amgest-de","tag-communication-de","tag-gestion-de-fortune-de","tag-gestion-de-portefeuille-de","tag-gfi-de","tag-solutions-eam-de","tag-tiers-gerants-de","tag-wealth-management-de"],"yoast_head":"<!-- This site is optimized with the Yoast SEO plugin v25.3.1 - https:\/\/yoast.com\/wordpress\/plugins\/seo\/ -->\n<title>Lugano - Sphere<\/title>\n<meta name=\"description\" content=\"Der Finanzplatz Lugano hat sich in den vergangenen Jahren deutlich erholt - trotz der starken Konkurrenz aus Italien. Die unabh\u00e4ngigen Verm\u00f6gensverwalter in Lugano haben sich dabei zu echten Boutiquen entwickelt und konzentrieren sich zunehmend auf nicht b\u00f6rsennotierte Unternehmen, wie Andrea Gianoli erkl\u00e4rt.\" \/>\n<meta name=\"robots\" content=\"index, follow, max-snippet:-1, max-image-preview:large, max-video-preview:-1\" \/>\n<link rel=\"canonical\" href=\"https:\/\/sphere.swiss\/de\/lugano\/\" \/>\n<meta property=\"og:locale\" content=\"de_DE\" \/>\n<meta property=\"og:type\" content=\"article\" \/>\n<meta property=\"og:title\" content=\"Lugano - Sphere\" \/>\n<meta property=\"og:description\" content=\"Der Finanzplatz Lugano hat sich in den vergangenen Jahren deutlich erholt - trotz der starken Konkurrenz aus Italien. Die unabh\u00e4ngigen Verm\u00f6gensverwalter in Lugano haben sich dabei zu echten Boutiquen entwickelt und konzentrieren sich zunehmend auf nicht b\u00f6rsennotierte Unternehmen, wie Andrea Gianoli erkl\u00e4rt.\" \/>\n<meta property=\"og:url\" content=\"https:\/\/sphere.swiss\/de\/lugano\/\" \/>\n<meta property=\"og:site_name\" content=\"Sphere\" \/>\n<meta property=\"article:published_time\" content=\"2024-01-23T15:53:17+00:00\" \/>\n<meta property=\"article:modified_time\" content=\"2024-01-23T16:08:00+00:00\" \/>\n<meta property=\"og:image\" content=\"https:\/\/sphere.swiss\/wp-content\/uploads\/2024\/01\/Andreas-Gianoli_inPixio.jpg\" \/>\n\t<meta property=\"og:image:width\" content=\"1250\" \/>\n\t<meta property=\"og:image:height\" content=\"625\" \/>\n\t<meta property=\"og:image:type\" content=\"image\/jpeg\" \/>\n<meta name=\"author\" content=\"sph3r3\" \/>\n<meta name=\"twitter:card\" content=\"summary_large_image\" \/>\n<meta name=\"twitter:label1\" content=\"Verfasst von\" \/>\n\t<meta name=\"twitter:data1\" content=\"sph3r3\" \/>\n\t<meta name=\"twitter:label2\" content=\"Gesch\u00e4tzte Lesezeit\" \/>\n\t<meta name=\"twitter:data2\" content=\"6\u00a0Minuten\" \/>\n<script type=\"application\/ld+json\" class=\"yoast-schema-graph\">{\"@context\":\"https:\/\/schema.org\",\"@graph\":[{\"@type\":\"WebPage\",\"@id\":\"https:\/\/sphere.swiss\/de\/lugano\/\",\"url\":\"https:\/\/sphere.swiss\/de\/lugano\/\",\"name\":\"Lugano - Sphere\",\"isPartOf\":{\"@id\":\"https:\/\/sphere.swiss\/de\/#website\"},\"primaryImageOfPage\":{\"@id\":\"https:\/\/sphere.swiss\/de\/lugano\/#primaryimage\"},\"image\":{\"@id\":\"https:\/\/sphere.swiss\/de\/lugano\/#primaryimage\"},\"thumbnailUrl\":\"https:\/\/sphere.swiss\/wp-content\/uploads\/2024\/01\/Andreas-Gianoli_inPixio.jpg\",\"datePublished\":\"2024-01-23T15:53:17+00:00\",\"dateModified\":\"2024-01-23T16:08:00+00:00\",\"author\":{\"@id\":\"https:\/\/sphere.swiss\/de\/#\/schema\/person\/bd0c19ac051bb08ddf812db864e2ea78\"},\"description\":\"Der Finanzplatz Lugano hat sich in den vergangenen Jahren deutlich erholt - trotz der starken Konkurrenz aus Italien. Die unabh\u00e4ngigen Verm\u00f6gensverwalter in Lugano haben sich dabei zu echten Boutiquen entwickelt und konzentrieren sich zunehmend auf nicht b\u00f6rsennotierte Unternehmen, wie Andrea Gianoli erkl\u00e4rt.\",\"breadcrumb\":{\"@id\":\"https:\/\/sphere.swiss\/de\/lugano\/#breadcrumb\"},\"inLanguage\":\"de\",\"potentialAction\":[{\"@type\":\"ReadAction\",\"target\":[\"https:\/\/sphere.swiss\/de\/lugano\/\"]}]},{\"@type\":\"ImageObject\",\"inLanguage\":\"de\",\"@id\":\"https:\/\/sphere.swiss\/de\/lugano\/#primaryimage\",\"url\":\"https:\/\/sphere.swiss\/wp-content\/uploads\/2024\/01\/Andreas-Gianoli_inPixio.jpg\",\"contentUrl\":\"https:\/\/sphere.swiss\/wp-content\/uploads\/2024\/01\/Andreas-Gianoli_inPixio.jpg\",\"width\":1250,\"height\":625},{\"@type\":\"BreadcrumbList\",\"@id\":\"https:\/\/sphere.swiss\/de\/lugano\/#breadcrumb\",\"itemListElement\":[{\"@type\":\"ListItem\",\"position\":1,\"name\":\"Home\",\"item\":\"https:\/\/sphere.swiss\/de\/\"},{\"@type\":\"ListItem\",\"position\":2,\"name\":\"Lugano\"}]},{\"@type\":\"WebSite\",\"@id\":\"https:\/\/sphere.swiss\/de\/#website\",\"url\":\"https:\/\/sphere.swiss\/de\/\",\"name\":\"Sphere\",\"description\":\"The Swiss Financial Arena\",\"alternateName\":\"Sphere Swiss\",\"potentialAction\":[{\"@type\":\"SearchAction\",\"target\":{\"@type\":\"EntryPoint\",\"urlTemplate\":\"https:\/\/sphere.swiss\/de\/?s={search_term_string}\"},\"query-input\":{\"@type\":\"PropertyValueSpecification\",\"valueRequired\":true,\"valueName\":\"search_term_string\"}}],\"inLanguage\":\"de\"},{\"@type\":\"Person\",\"@id\":\"https:\/\/sphere.swiss\/de\/#\/schema\/person\/bd0c19ac051bb08ddf812db864e2ea78\",\"name\":\"sph3r3\",\"image\":{\"@type\":\"ImageObject\",\"inLanguage\":\"de\",\"@id\":\"https:\/\/sphere.swiss\/de\/#\/schema\/person\/image\/\",\"url\":\"https:\/\/secure.gravatar.com\/avatar\/580395011f6a1ca0bf8ae70d71d5015878f64832766767a33c46af64643053a7?s=96&d=mm&r=g\",\"contentUrl\":\"https:\/\/secure.gravatar.com\/avatar\/580395011f6a1ca0bf8ae70d71d5015878f64832766767a33c46af64643053a7?s=96&d=mm&r=g\",\"caption\":\"sph3r3\"},\"url\":\"https:\/\/sphere.swiss\/de\/author\/sph3r3\/\"}]}<\/script>\n<!-- \/ Yoast SEO plugin. -->","yoast_head_json":{"title":"Lugano - Sphere","description":"Der Finanzplatz Lugano hat sich in den vergangenen Jahren deutlich erholt - trotz der starken Konkurrenz aus Italien. Die unabh\u00e4ngigen Verm\u00f6gensverwalter in Lugano haben sich dabei zu echten Boutiquen entwickelt und konzentrieren sich zunehmend auf nicht b\u00f6rsennotierte Unternehmen, wie Andrea Gianoli erkl\u00e4rt.","robots":{"index":"index","follow":"follow","max-snippet":"max-snippet:-1","max-image-preview":"max-image-preview:large","max-video-preview":"max-video-preview:-1"},"canonical":"https:\/\/sphere.swiss\/de\/lugano\/","og_locale":"de_DE","og_type":"article","og_title":"Lugano - Sphere","og_description":"Der Finanzplatz Lugano hat sich in den vergangenen Jahren deutlich erholt - trotz der starken Konkurrenz aus Italien. Die unabh\u00e4ngigen Verm\u00f6gensverwalter in Lugano haben sich dabei zu echten Boutiquen entwickelt und konzentrieren sich zunehmend auf nicht b\u00f6rsennotierte Unternehmen, wie Andrea Gianoli erkl\u00e4rt.","og_url":"https:\/\/sphere.swiss\/de\/lugano\/","og_site_name":"Sphere","article_published_time":"2024-01-23T15:53:17+00:00","article_modified_time":"2024-01-23T16:08:00+00:00","og_image":[{"width":1250,"height":625,"url":"https:\/\/sphere.swiss\/wp-content\/uploads\/2024\/01\/Andreas-Gianoli_inPixio.jpg","type":"image\/jpeg"}],"author":"sph3r3","twitter_card":"summary_large_image","twitter_misc":{"Verfasst von":"sph3r3","Gesch\u00e4tzte Lesezeit":"6\u00a0Minuten"},"schema":{"@context":"https:\/\/schema.org","@graph":[{"@type":"WebPage","@id":"https:\/\/sphere.swiss\/de\/lugano\/","url":"https:\/\/sphere.swiss\/de\/lugano\/","name":"Lugano - Sphere","isPartOf":{"@id":"https:\/\/sphere.swiss\/de\/#website"},"primaryImageOfPage":{"@id":"https:\/\/sphere.swiss\/de\/lugano\/#primaryimage"},"image":{"@id":"https:\/\/sphere.swiss\/de\/lugano\/#primaryimage"},"thumbnailUrl":"https:\/\/sphere.swiss\/wp-content\/uploads\/2024\/01\/Andreas-Gianoli_inPixio.jpg","datePublished":"2024-01-23T15:53:17+00:00","dateModified":"2024-01-23T16:08:00+00:00","author":{"@id":"https:\/\/sphere.swiss\/de\/#\/schema\/person\/bd0c19ac051bb08ddf812db864e2ea78"},"description":"Der Finanzplatz Lugano hat sich in den vergangenen Jahren deutlich erholt - trotz der starken Konkurrenz aus Italien. Die unabh\u00e4ngigen Verm\u00f6gensverwalter in Lugano haben sich dabei zu echten Boutiquen entwickelt und konzentrieren sich zunehmend auf nicht b\u00f6rsennotierte Unternehmen, wie Andrea Gianoli erkl\u00e4rt.","breadcrumb":{"@id":"https:\/\/sphere.swiss\/de\/lugano\/#breadcrumb"},"inLanguage":"de","potentialAction":[{"@type":"ReadAction","target":["https:\/\/sphere.swiss\/de\/lugano\/"]}]},{"@type":"ImageObject","inLanguage":"de","@id":"https:\/\/sphere.swiss\/de\/lugano\/#primaryimage","url":"https:\/\/sphere.swiss\/wp-content\/uploads\/2024\/01\/Andreas-Gianoli_inPixio.jpg","contentUrl":"https:\/\/sphere.swiss\/wp-content\/uploads\/2024\/01\/Andreas-Gianoli_inPixio.jpg","width":1250,"height":625},{"@type":"BreadcrumbList","@id":"https:\/\/sphere.swiss\/de\/lugano\/#breadcrumb","itemListElement":[{"@type":"ListItem","position":1,"name":"Home","item":"https:\/\/sphere.swiss\/de\/"},{"@type":"ListItem","position":2,"name":"Lugano"}]},{"@type":"WebSite","@id":"https:\/\/sphere.swiss\/de\/#website","url":"https:\/\/sphere.swiss\/de\/","name":"Sphere","description":"The Swiss Financial Arena","alternateName":"Sphere Swiss","potentialAction":[{"@type":"SearchAction","target":{"@type":"EntryPoint","urlTemplate":"https:\/\/sphere.swiss\/de\/?s={search_term_string}"},"query-input":{"@type":"PropertyValueSpecification","valueRequired":true,"valueName":"search_term_string"}}],"inLanguage":"de"},{"@type":"Person","@id":"https:\/\/sphere.swiss\/de\/#\/schema\/person\/bd0c19ac051bb08ddf812db864e2ea78","name":"sph3r3","image":{"@type":"ImageObject","inLanguage":"de","@id":"https:\/\/sphere.swiss\/de\/#\/schema\/person\/image\/","url":"https:\/\/secure.gravatar.com\/avatar\/580395011f6a1ca0bf8ae70d71d5015878f64832766767a33c46af64643053a7?s=96&d=mm&r=g","contentUrl":"https:\/\/secure.gravatar.com\/avatar\/580395011f6a1ca0bf8ae70d71d5015878f64832766767a33c46af64643053a7?s=96&d=mm&r=g","caption":"sph3r3"},"url":"https:\/\/sphere.swiss\/de\/author\/sph3r3\/"}]}},"_links":{"self":[{"href":"https:\/\/sphere.swiss\/de\/wp-json\/wp\/v2\/posts\/8045","targetHints":{"allow":["GET"]}}],"collection":[{"href":"https:\/\/sphere.swiss\/de\/wp-json\/wp\/v2\/posts"}],"about":[{"href":"https:\/\/sphere.swiss\/de\/wp-json\/wp\/v2\/types\/post"}],"author":[{"embeddable":true,"href":"https:\/\/sphere.swiss\/de\/wp-json\/wp\/v2\/users\/2"}],"replies":[{"embeddable":true,"href":"https:\/\/sphere.swiss\/de\/wp-json\/wp\/v2\/comments?post=8045"}],"version-history":[{"count":7,"href":"https:\/\/sphere.swiss\/de\/wp-json\/wp\/v2\/posts\/8045\/revisions"}],"predecessor-version":[{"id":8064,"href":"https:\/\/sphere.swiss\/de\/wp-json\/wp\/v2\/posts\/8045\/revisions\/8064"}],"wp:featuredmedia":[{"embeddable":true,"href":"https:\/\/sphere.swiss\/de\/wp-json\/wp\/v2\/media\/8049"}],"wp:attachment":[{"href":"https:\/\/sphere.swiss\/de\/wp-json\/wp\/v2\/media?parent=8045"}],"wp:term":[{"taxonomy":"category","embeddable":true,"href":"https:\/\/sphere.swiss\/de\/wp-json\/wp\/v2\/categories?post=8045"},{"taxonomy":"post_tag","embeddable":true,"href":"https:\/\/sphere.swiss\/de\/wp-json\/wp\/v2\/tags?post=8045"}],"curies":[{"name":"wp","href":"https:\/\/api.w.org\/{rel}","templated":true}]}}